{"id":1861,"date":"2025-04-15T22:18:18","date_gmt":"2025-04-15T20:18:18","guid":{"rendered":"https:\/\/aulaonline.uma.es\/?p=1861"},"modified":"2025-05-19T22:28:49","modified_gmt":"2025-05-19T20:28:49","slug":"gestion-emocional-consciente-programa-inteligencia-emocional-plena-pinep","status":"publish","type":"post","link":"https:\/\/inntech.uma.es\/aulaonline\/gestion-emocional-consciente-programa-inteligencia-emocional-plena-pinep\/","title":{"rendered":"Gesti\u00f3n emocional consciente. Programa Inteligencia Emocional Plena (PINEP)"},"content":{"rendered":"\t\t<div data-elementor-type=\"wp-post\" data-elementor-id=\"1861\" class=\"elementor elementor-1861\">\n\t\t\t\t<div class=\"elementor-element elementor-element-b9d070c thegem-e-con-layout-thegem e-flex e-con-boxed e-con e-parent\" data-id=\"b9d070c\" data-element_type=\"container\" data-e-type=\"container\" data-settings=\"{&quot;thegem_container_layout&quot;:&quot;thegem&quot;}\">\r\n\t\t\t\t\t<div class=\"e-con-inner\">\r\n\t\t\t\t<div class=\"elementor-element elementor-element-8371746 flex-horizontal-align-default flex-horizontal-align-tablet-default flex-horizontal-align-mobile-default flex-vertical-align-default flex-vertical-align-tablet-default flex-vertical-align-mobile-default elementor-widget elementor-widget-heading\" data-id=\"8371746\" data-element_type=\"widget\" data-e-type=\"widget\" data-widget_type=\"heading.default\">\n\t\t\t\t<div class=\"elementor-widget-container\">\n\t\t\t\t\t<h3 class=\"elementor-heading-title elementor-size-default\">I DIPLOMA DE ESPECIALIZACI\u00d3N EN GESTI\u00d3N EMOCIONAL CONSCIENTE. PROGRAMA INTELIGENCIA EMOCIONAL PLENA (PINEP)<\/h3>\t\t\t\t<\/div>\n\t\t\t\t<\/div>\n\t\t\t\t\t<\/div>\n\t\t\t\t<\/div>\n\t\t<div class=\"elementor-element elementor-element-6f6f4a1 e-con-full thegem-e-con-layout-thegem e-flex e-con e-parent\" data-id=\"6f6f4a1\" data-element_type=\"container\" data-e-type=\"container\" data-settings=\"{&quot;thegem_container_layout&quot;:&quot;thegem&quot;}\">\r\n\t\t\t\t<div class=\"elementor-element elementor-element-520ae01 elementor-widget-divider--view-line flex-horizontal-align-default flex-horizontal-align-tablet-default flex-horizontal-align-mobile-default flex-vertical-align-default flex-vertical-align-tablet-default flex-vertical-align-mobile-default elementor-widget elementor-widget-divider\" data-id=\"520ae01\" data-element_type=\"widget\" data-e-type=\"widget\" data-widget_type=\"divider.default\">\n\t\t\t\t<div class=\"elementor-widget-container\">\n\t\t\t\t\t\t\t<div class=\"elementor-divider\">\n\t\t\t<span class=\"elementor-divider-separator\">\n\t\t\t\t\t\t<\/span>\n\t\t<\/div>\n\t\t\t\t\t\t<\/div>\n\t\t\t\t<\/div>\n\t\t\t\t<\/div>\n\t\t<div class=\"elementor-element elementor-element-46b279d thegem-e-con-layout-thegem e-flex e-con-boxed e-con e-parent\" data-id=\"46b279d\" data-element_type=\"container\" data-e-type=\"container\" data-settings=\"{&quot;thegem_container_layout&quot;:&quot;thegem&quot;}\">\r\n\t\t\t\t\t<div class=\"e-con-inner\">\r\n\t\t<div class=\"elementor-element elementor-element-95f9eba e-con-full thegem-e-con-layout-thegem e-flex e-con e-child\" data-id=\"95f9eba\" data-element_type=\"container\" data-e-type=\"container\" data-settings=\"{&quot;thegem_container_layout&quot;:&quot;thegem&quot;}\">\r\n\t\t\t\t<div class=\"elementor-element elementor-element-d45499a flex-horizontal-align-default flex-horizontal-align-tablet-default flex-horizontal-align-mobile-default flex-vertical-align-default flex-vertical-align-tablet-default flex-vertical-align-mobile-default elementor-widget elementor-widget-text-editor\" data-id=\"d45499a\" data-element_type=\"widget\" data-e-type=\"widget\" data-widget_type=\"text-editor.default\">\n\t\t\t\t<div class=\"elementor-widget-container\">\n\t\t\t\t\t\t\t\t\t\t\t\t<div class=\"elementor-text-editor elementor-clearfix\">\r\n\t\t\t\t\t\t<p><strong>DESCRIPCI\u00d3N: <\/strong>Gesti\u00f3n emocional consciente. Mindfulness para el desarrollo de la inteligencia emocional. Programa de inteligencia emocional plena (PINEP).<\/p>\t\t\t\t\t\t\t<\/div>\r\n\t\t\t\t\t\t\t\t\t\t<\/div>\n\t\t\t\t<\/div>\n\t\t\t\t<div class=\"elementor-element elementor-element-b89973f flex-horizontal-align-default flex-horizontal-align-tablet-default flex-horizontal-align-mobile-default flex-vertical-align-default flex-vertical-align-tablet-default flex-vertical-align-mobile-default elementor-widget elementor-widget-text-editor\" data-id=\"b89973f\" data-element_type=\"widget\" data-e-type=\"widget\" data-widget_type=\"text-editor.default\">\n\t\t\t\t<div class=\"elementor-widget-container\">\n\t\t\t\t\t\t\t\t\t\t\t\t<div class=\"elementor-text-editor elementor-clearfix\">\r\n\t\t\t\t\t\t<p><strong>DIRECCI\u00d3N:\u00a0<\/strong>Natalia Sylvia Ramos D\u00edaz<\/p>\t\t\t\t\t\t\t<\/div>\r\n\t\t\t\t\t\t\t\t\t\t<\/div>\n\t\t\t\t<\/div>\n\t\t<div class=\"elementor-element elementor-element-b7c9f8a e-grid thegem-e-con-layout-thegem e-con-boxed e-con e-child\" data-id=\"b7c9f8a\" data-element_type=\"container\" data-e-type=\"container\" data-settings=\"{&quot;thegem_container_layout&quot;:&quot;thegem&quot;}\">\r\n\t\t\t\t\t<div class=\"e-con-inner\">\r\n\t\t\t\t<div class=\"elementor-element elementor-element-252f0bb elementor-widget__width-initial flex-horizontal-align-default flex-horizontal-align-tablet-default flex-horizontal-align-mobile-default flex-vertical-align-default flex-vertical-align-tablet-default flex-vertical-align-mobile-default elementor-widget elementor-widget-thegem-infobox\" data-id=\"252f0bb\" data-element_type=\"widget\" data-e-type=\"widget\" data-settings=\"{&quot;thegem_elementor_preset&quot;:&quot;tiny&quot;}\" data-widget_type=\"thegem-infobox.default\">\n\t\t\t\t<div class=\"elementor-widget-container\">\n\t\t\t\t\t\n<div class=\"gem-infobox styled-textbox-tiny \">\n\n\t\n\t\t<div class=\"gem-infobox-top gem-infobox-top-none default-fill\">\n\t\t\t\t\t<\/div>\n\t\n\t<div class=\"gem-infobox-inner\">\n\n\t\t<div class=\"gem-infobox-content default gem-infobox-icon-horizontal-left gem-infobox-icon-image-wrapping-inline\">\n\n\t\t\t\t\t\t\t<div class=\"gem-texbox-icon-image-wrapper\">\n\n\t\t\t\t\t\t\t\t\t\t\t<div class=\"default left\">\n\t\t\t\t\t\t\t<div class=\"gem-infobox-icon\">\n\t\t\t\t\t\t\t\t<div class=\"elementor-icon\">\n\t\t\t\t\t\t\t\t\t<i aria-hidden=\"true\" class=\"tgh-icon phone\"><\/i>\t\t\t\t\t\t\t\t<\/div>\n\t\t\t\t\t\t\t<\/div>\n\t\t\t\t\t\t<\/div>\n\t\t\t\t\t\n\t\t\t\t\t\n\t\t\t\t<\/div>\n\t\t\t\n\t\t\t<div class=\"gem-texbox-text-wrapper\">\n\n\t\t\t\t\t\t\t\t\t\n\t\t\t\t\t\t<div class=\"gem-infobox-title text-body-tiny light\">\n\t\t\t\t\t\t\t660295450\t\t\t\t\t\t<\/div>\n\n\t\t\t\t\t\n\t\t\t\t\t\n\t\t\t\t\t\n\t\t\t\t\n\t\t\t<\/div>\n\n\t\t<\/div>\n\n\t<\/div>\n\n\t\n\t\t<div class=\"gem-infobox-bottom gem-infobox-bottom-none default-fill\">\n\t\t\t\t<\/div>\n\t\n\t\n<\/div>\n\t\t\t\t<\/div>\n\t\t\t\t<\/div>\n\t\t\t\t<div class=\"elementor-element elementor-element-6cb3426 elementor-widget__width-initial flex-horizontal-align-default flex-horizontal-align-tablet-default flex-horizontal-align-mobile-default flex-vertical-align-default flex-vertical-align-tablet-default flex-vertical-align-mobile-default elementor-widget elementor-widget-thegem-infobox\" data-id=\"6cb3426\" data-element_type=\"widget\" data-e-type=\"widget\" data-settings=\"{&quot;thegem_elementor_preset&quot;:&quot;tiny&quot;}\" data-widget_type=\"thegem-infobox.default\">\n\t\t\t\t<div class=\"elementor-widget-container\">\n\t\t\t\t\t\n<div class=\"gem-infobox styled-textbox-tiny \">\n\n\t\n\t\t<div class=\"gem-infobox-top gem-infobox-top-none default-fill\">\n\t\t\t\t\t<\/div>\n\t\n\t<div class=\"gem-infobox-inner\">\n\n\t\t<div class=\"gem-infobox-content default gem-infobox-icon-horizontal-left gem-infobox-icon-image-wrapping-inline\">\n\n\t\t\t\t\t\t\t<div class=\"gem-texbox-icon-image-wrapper\">\n\n\t\t\t\t\t\t\t\t\t\t\t<div class=\"default left\">\n\t\t\t\t\t\t\t<div class=\"gem-infobox-icon\">\n\t\t\t\t\t\t\t\t<div class=\"elementor-icon\">\n\t\t\t\t\t\t\t\t\t<i aria-hidden=\"true\" class=\"gem-elegant icon-mail-alt\"><\/i>\t\t\t\t\t\t\t\t<\/div>\n\t\t\t\t\t\t\t<\/div>\n\t\t\t\t\t\t<\/div>\n\t\t\t\t\t\n\t\t\t\t\t\n\t\t\t\t<\/div>\n\t\t\t\n\t\t\t<div class=\"gem-texbox-text-wrapper\">\n\n\t\t\t\t\t\t\t\t\t\n\t\t\t\t\t\t<div class=\"gem-infobox-title text-body-tiny light\">\n\t\t\t\t\t\t\tpinep@uma.es\t\t\t\t\t\t<\/div>\n\n\t\t\t\t\t\n\t\t\t\t\t\n\t\t\t\t\t\n\t\t\t\t\n\t\t\t<\/div>\n\n\t\t<\/div>\n\n\t<\/div>\n\n\t\n\t\t<div class=\"gem-infobox-bottom gem-infobox-bottom-none default-fill\">\n\t\t\t\t<\/div>\n\t\n\t\n<\/div>\n\t\t\t\t<\/div>\n\t\t\t\t<\/div>\n\t\t\t\t<div class=\"elementor-element elementor-element-151b3dc elementor-widget__width-initial flex-horizontal-align-default flex-horizontal-align-tablet-default flex-horizontal-align-mobile-default flex-vertical-align-default flex-vertical-align-tablet-default flex-vertical-align-mobile-default elementor-widget elementor-widget-thegem-infobox\" data-id=\"151b3dc\" data-element_type=\"widget\" data-e-type=\"widget\" data-settings=\"{&quot;thegem_elementor_preset&quot;:&quot;tiny&quot;}\" data-widget_type=\"thegem-infobox.default\">\n\t\t\t\t<div class=\"elementor-widget-container\">\n\t\t\t\t\t\n<div class=\"gem-infobox styled-textbox-tiny \">\n\n\t\n\t\t<div class=\"gem-infobox-top gem-infobox-top-none default-fill\">\n\t\t\t\t\t<\/div>\n\t\n\t<div class=\"gem-infobox-inner\">\n\n\t\t<div class=\"gem-infobox-content default gem-infobox-icon-horizontal-left gem-infobox-icon-image-wrapping-inline\">\n\n\t\t\t\t\t\t\t<div class=\"gem-texbox-icon-image-wrapper\">\n\n\t\t\t\t\t\t\t\t\t\t\t<div class=\"default left\">\n\t\t\t\t\t\t\t<div class=\"gem-infobox-icon\">\n\t\t\t\t\t\t\t\t<div class=\"elementor-icon\">\n\t\t\t\t\t\t\t\t\t\t\t\t\t\t\t\t\t<\/div>\n\t\t\t\t\t\t\t<\/div>\n\t\t\t\t\t\t<\/div>\n\t\t\t\t\t\n\t\t\t\t\t\n\t\t\t\t<\/div>\n\t\t\t\n\t\t\t<div class=\"gem-texbox-text-wrapper\">\n\n\t\t\t\t\t\t\t\t\t\n\t\t\t\t\t\t<div class=\"gem-infobox-title text-body-tiny light\">\n\t\t\t\t\t\t\tPersonalidad, Evaluaci\u00f3n y Tratamiento Psicol\u00f3gico\t\t\t\t\t\t<\/div>\n\n\t\t\t\t\t\n\t\t\t\t\t\n\t\t\t\t\t\n\t\t\t\t\n\t\t\t<\/div>\n\n\t\t<\/div>\n\n\t<\/div>\n\n\t\n\t\t<div class=\"gem-infobox-bottom gem-infobox-bottom-none default-fill\">\n\t\t\t\t<\/div>\n\t\n\t\n<\/div>\n\t\t\t\t<\/div>\n\t\t\t\t<\/div>\n\t\t\t\t\t<\/div>\n\t\t\t\t<\/div>\n\t\t\t\t<div class=\"elementor-element elementor-element-de98b43 flex-horizontal-align-default flex-horizontal-align-tablet-default flex-horizontal-align-mobile-default flex-vertical-align-default flex-vertical-align-tablet-default flex-vertical-align-mobile-default elementor-widget elementor-widget-text-editor\" data-id=\"de98b43\" data-element_type=\"widget\" data-e-type=\"widget\" data-widget_type=\"text-editor.default\">\n\t\t\t\t<div class=\"elementor-widget-container\">\n\t\t\t\t\t\t\t\t\t\t\t\t<div class=\"elementor-text-editor elementor-clearfix\">\r\n\t\t\t\t\t\t<p><strong>PRECIO: <\/strong>200 \u20ac <br \/><strong>CR\u00c9DITOS EUROPEOS TOTALES: <\/strong>30 ECTS<br \/><strong>HORAS DE CLASE: <\/strong>240<br \/><strong>N\u00daMERO DE PLAZAS:<\/strong> 50<\/p>\t\t\t\t\t\t\t<\/div>\r\n\t\t\t\t\t\t\t\t\t\t<\/div>\n\t\t\t\t<\/div>\n\t\t\t\t<div class=\"elementor-element elementor-element-be0e1c0 flex-horizontal-align-default flex-horizontal-align-tablet-default flex-horizontal-align-mobile-default flex-vertical-align-default flex-vertical-align-tablet-default flex-vertical-align-mobile-default elementor-widget elementor-widget-thegem-styledbutton\" data-id=\"be0e1c0\" data-element_type=\"widget\" data-e-type=\"widget\" data-settings=\"{&quot;thegem_button_skin&quot;:&quot;flat&quot;,&quot;add_icon&quot;:&quot;yes&quot;}\" data-widget_type=\"thegem-styledbutton.default\">\n\t\t\t\t<div class=\"elementor-widget-container\">\n\t\t\t\t\t\n<div class=\"gem-button-container gem-widget-button\">\n\n\t\t<a class=\"gem-button gem-button-size-small gem-button-text-weight-bold gem-button-style-flat\" href=\"https:\/\/www.titulacionespropias.uma.es\/informacion_curso.php?id_curso=6903915\">\n\t\t<span class=\"gem-inner-wrapper-btn\">\n\t\t\t\t\t\t\t<span class=\"gem-button-icon\">\n\t\t\t\t\t<svg aria-hidden=\"true\" class=\"e-font-icon-svg e-far-arrow-alt-circle-right\" viewBox=\"0 0 512 512\" xmlns=\"http:\/\/www.w3.org\/2000\/svg\"><path d=\"M504 256C504 119 393 8 256 8S8 119 8 256s111 248 248 248 248-111 248-248zm-448 0c0-110.5 89.5-200 200-200s200 89.5 200 200-89.5 200-200 200S56 366.5 56 256zm72 20v-40c0-6.6 5.4-12 12-12h116v-67c0-10.7 12.9-16 20.5-8.5l99 99c4.7 4.7 4.7 12.3 0 17l-99 99c-7.6 7.6-20.5 2.2-20.5-8.5v-67H140c-6.6 0-12-5.4-12-12z\"><\/path><\/svg>\t\t\t\t<\/span>\n\t\t\t\t\t\t<span class=\"gem-text-button\">\n\t\t\t\tINSCRIPCI\u00d3N CERRADA\t\t\t<\/span>\n\t\t<\/span>\n\t<\/a>\n\n\t\n<\/div>\t\t\t\t<\/div>\n\t\t\t\t<\/div>\n\t\t\t\t<\/div>\n\t\t<div class=\"elementor-element elementor-element-27b4115 e-con-full thegem-e-con-layout-thegem e-flex e-con e-child\" data-id=\"27b4115\" data-element_type=\"container\" data-e-type=\"container\" data-settings=\"{&quot;thegem_container_layout&quot;:&quot;thegem&quot;}\">\r\n\t\t\t\t<div class=\"elementor-element elementor-element-47ea7fa flex-horizontal-align-default flex-horizontal-align-tablet-default flex-horizontal-align-mobile-default flex-vertical-align-default flex-vertical-align-tablet-default flex-vertical-align-mobile-default elementor-widget elementor-widget-text-editor\" data-id=\"47ea7fa\" data-element_type=\"widget\" data-e-type=\"widget\" data-widget_type=\"text-editor.default\">\n\t\t\t\t<div class=\"elementor-widget-container\">\n\t\t\t\t\t\t\t\t\t\t\t\t<div class=\"elementor-text-editor elementor-clearfix\">\r\n\t\t\t\t\t\t<p><strong>Fecha de realizaci\u00f3n: <\/strong>15\/10\/24 &#8211; 15\/07\/25\u00a0<strong><br \/>Horario: <\/strong>Viernes de 18:00 &#8211; 22:00; S\u00e1bado de 11:30-15:30 y de 17:30-21:30.<\/p><p><strong>Plazo de preinscripci\u00f3n: <\/strong>01\/05\/24 &#8211; 30\/09\/24<strong><br \/><\/strong><strong>Plazo de matr\u00edcula: <\/strong>01\/06\/24 &#8211; 30\/09\/24<\/p><p><strong>Requisitos:\u00a0<\/strong>Se dirigen a personas que est\u00e9n ya en posesi\u00f3n de un t\u00edtulo universitario oficial espa\u00f1ol (tanto de grado, m\u00e1ster o doctorado) o equivalente. Quien se encuentre en posesi\u00f3n de un t\u00edtulo universitario oficial expedido por un pa\u00eds extranjero y que faculte en \u00e9l para acceder a ense\u00f1anzas de posgrado podr\u00e1n acceder si lo autoriza la Comisi\u00f3n de Ense\u00f1anzas Propias. Excepcionalmente se admitir\u00e1n, con la consideraci\u00f3n de matr\u00edcula provisional, a estudiantes de las titulaciones de grado que tengan pendiente superar menos de 30 cr\u00e9ditos (sin incluir el TFG y las pr\u00e1cticas externas). Asimismo, con car\u00e1cter excepcional y atendiendo a la disposici\u00f3n adicional decimos\u00e9ptima de la LOSU, se podr\u00e1 acceder acreditando experiencia profesional o laboral con nivel competencial equivalente a la formaci\u00f3n acad\u00e9mica universitaria.<\/p>\t\t\t\t\t\t\t<\/div>\r\n\t\t\t\t\t\t\t\t\t\t<\/div>\n\t\t\t\t<\/div>\n\t\t\t\t<\/div>\n\t\t\t\t\t<\/div>\n\t\t\t\t<\/div>\n\t\t<div class=\"elementor-element elementor-element-266a8af thegem-e-con-layout-thegem e-flex e-con-boxed e-con e-parent\" data-id=\"266a8af\" data-element_type=\"container\" data-e-type=\"container\" data-settings=\"{&quot;thegem_container_layout&quot;:&quot;thegem&quot;}\">\r\n\t\t\t\t\t<div class=\"e-con-inner\">\r\n\t\t\t\t<div class=\"elementor-element elementor-element-5ca252c elementor-widget-divider--view-line flex-horizontal-align-default flex-horizontal-align-tablet-default flex-horizontal-align-mobile-default flex-vertical-align-default flex-vertical-align-tablet-default flex-vertical-align-mobile-default elementor-widget elementor-widget-divider\" data-id=\"5ca252c\" data-element_type=\"widget\" data-e-type=\"widget\" data-widget_type=\"divider.default\">\n\t\t\t\t<div class=\"elementor-widget-container\">\n\t\t\t\t\t\t\t<div class=\"elementor-divider\">\n\t\t\t<span class=\"elementor-divider-separator\">\n\t\t\t\t\t\t<\/span>\n\t\t<\/div>\n\t\t\t\t\t\t<\/div>\n\t\t\t\t<\/div>\n\t\t\t\t\t<\/div>\n\t\t\t\t<\/div>\n\t\t<div class=\"elementor-element elementor-element-7e8e928 thegem-e-con-layout-thegem e-flex e-con-boxed e-con e-parent\" data-id=\"7e8e928\" data-element_type=\"container\" data-e-type=\"container\" data-settings=\"{&quot;thegem_container_layout&quot;:&quot;thegem&quot;}\">\r\n\t\t\t\t\t<div class=\"e-con-inner\">\r\n\t\t\t\t<div class=\"elementor-element elementor-element-f015fd7 flex-horizontal-align-default flex-horizontal-align-tablet-default flex-horizontal-align-mobile-default flex-vertical-align-default flex-vertical-align-tablet-default flex-vertical-align-mobile-default elementor-widget elementor-widget-n-accordion\" data-id=\"f015fd7\" data-element_type=\"widget\" data-e-type=\"widget\" data-settings=\"{&quot;default_state&quot;:&quot;expanded&quot;,&quot;max_items_expended&quot;:&quot;one&quot;,&quot;n_accordion_animation_duration&quot;:{&quot;unit&quot;:&quot;ms&quot;,&quot;size&quot;:400,&quot;sizes&quot;:[]}}\" data-widget_type=\"nested-accordion.default\">\n\t\t\t\t<div class=\"elementor-widget-container\">\n\t\t\t\t\t\t\t<div class=\"e-n-accordion\" aria-label=\"Accordion. Open links with Enter or Space, close with Escape, and navigate with Arrow Keys\">\n\t\t\t\t\t\t<details id=\"e-n-accordion-item-2510\" class=\"e-n-accordion-item\" open>\n\t\t\t\t<summary class=\"e-n-accordion-item-title\" data-accordion-index=\"1\" tabindex=\"0\" aria-expanded=\"true\" aria-controls=\"e-n-accordion-item-2510\" >\n\t\t\t\t\t<span class='e-n-accordion-item-title-header'><div class=\"e-n-accordion-item-title-text\"> M\u00d3DULO 1. Inteligencia Emocional <\/div><\/span>\n\t\t\t\t\t\t\t<span class='e-n-accordion-item-title-icon'>\n\t\t\t<span class='e-opened' ><i aria-hidden=\"true\" class=\"tgh-icon arrow_carrot-up2\"><\/i><\/span>\n\t\t\t<span class='e-closed'><i aria-hidden=\"true\" class=\"tgh-icon arrow_carrot-down2\"><\/i><\/span>\n\t\t<\/span>\n\n\t\t\t\t\t\t<\/summary>\n\t\t\t\t<div role=\"region\" aria-labelledby=\"e-n-accordion-item-2510\" class=\"elementor-element elementor-element-576824a e-con-full thegem-e-con-layout-thegem e-flex e-con e-child\" data-id=\"576824a\" data-element_type=\"container\" data-e-type=\"container\" data-settings=\"{&quot;thegem_container_layout&quot;:&quot;thegem&quot;}\">\r\n\t\t<div role=\"region\" aria-labelledby=\"e-n-accordion-item-2510\" class=\"elementor-element elementor-element-54e5383 thegem-e-con-layout-thegem e-flex e-con-boxed e-con e-child\" data-id=\"54e5383\" data-element_type=\"container\" data-e-type=\"container\" data-settings=\"{&quot;thegem_container_layout&quot;:&quot;thegem&quot;}\">\r\n\t\t\t\t\t<div class=\"e-con-inner\">\r\n\t\t\t\t<div class=\"elementor-element elementor-element-83d1df5 flex-horizontal-align-default flex-horizontal-align-tablet-default flex-horizontal-align-mobile-default flex-vertical-align-default flex-vertical-align-tablet-default flex-vertical-align-mobile-default elementor-widget elementor-widget-text-editor\" data-id=\"83d1df5\" data-element_type=\"widget\" data-e-type=\"widget\" data-widget_type=\"text-editor.default\">\n\t\t\t\t<div class=\"elementor-widget-container\">\n\t\t\t\t\t\t\t\t\t\t\t\t<div class=\"elementor-text-editor elementor-clearfix\">\r\n\t\t\t\t\t\t<p>El valor adaptativo de la emoci\u00f3n.<br \/>La Inteligencia Emocional: Concepto. Modelos y pr\u00e1ctica.<br \/>\u00bfEmociones patol\u00f3gicas o gesti\u00f3n emocional ineficiente?<br \/>El margen de tolerancia emocional y su importancia en la gesti\u00f3n emocional consciente. Mecanismos biol\u00f3gicos de la regulaci\u00f3n emocional.<\/p>\t\t\t\t\t\t\t<\/div>\r\n\t\t\t\t\t\t\t\t\t\t<\/div>\n\t\t\t\t<\/div>\n\t\t\t\t\t<\/div>\n\t\t\t\t<\/div>\n\t\t\t\t<\/div>\n\t\t\t\t\t<\/details>\n\t\t\t\t\t\t<details id=\"e-n-accordion-item-2511\" class=\"e-n-accordion-item\" >\n\t\t\t\t<summary class=\"e-n-accordion-item-title\" data-accordion-index=\"2\" tabindex=\"-1\" aria-expanded=\"false\" aria-controls=\"e-n-accordion-item-2511\" >\n\t\t\t\t\t<span class='e-n-accordion-item-title-header'><div class=\"e-n-accordion-item-title-text\"> M\u00d3DULO 2. La atenci\u00f3n plena <\/div><\/span>\n\t\t\t\t\t\t\t<span class='e-n-accordion-item-title-icon'>\n\t\t\t<span class='e-opened' ><i aria-hidden=\"true\" class=\"tgh-icon arrow_carrot-up2\"><\/i><\/span>\n\t\t\t<span class='e-closed'><i aria-hidden=\"true\" class=\"tgh-icon arrow_carrot-down2\"><\/i><\/span>\n\t\t<\/span>\n\n\t\t\t\t\t\t<\/summary>\n\t\t\t\t<div role=\"region\" aria-labelledby=\"e-n-accordion-item-2511\" class=\"elementor-element elementor-element-39f6d12 e-con-full thegem-e-con-layout-thegem e-flex e-con e-child\" data-id=\"39f6d12\" data-element_type=\"container\" data-e-type=\"container\" data-settings=\"{&quot;thegem_container_layout&quot;:&quot;thegem&quot;}\">\r\n\t\t\t\t<div class=\"elementor-element elementor-element-ecff713 flex-horizontal-align-default flex-horizontal-align-tablet-default flex-horizontal-align-mobile-default flex-vertical-align-default flex-vertical-align-tablet-default flex-vertical-align-mobile-default elementor-widget elementor-widget-text-editor\" data-id=\"ecff713\" data-element_type=\"widget\" data-e-type=\"widget\" data-widget_type=\"text-editor.default\">\n\t\t\t\t<div class=\"elementor-widget-container\">\n\t\t\t\t\t\t\t\t\t\t\t\t<div class=\"elementor-text-editor elementor-clearfix\">\r\n\t\t\t\t\t\t<p>Tradici\u00f3n en pr\u00e1cticas contemplativas.<br \/>Introducci\u00f3n a la atenci\u00f3n plena y prudencia en la aplicaci\u00f3n de su pr\u00e1ctica. Sue\u00f1os l\u00facidos: De las tradiciones contemplativas a la evidencia cient\u00edfica. La pr\u00e1ctica de la Atenci\u00f3n Plena.<br \/>La pr\u00e1ctica de la compasi\u00f3n Mindfulness y psicobiolog\u00eda.<\/p>\t\t\t\t\t\t\t<\/div>\r\n\t\t\t\t\t\t\t\t\t\t<\/div>\n\t\t\t\t<\/div>\n\t\t\t\t<\/div>\n\t\t\t\t\t<\/details>\n\t\t\t\t\t\t<details id=\"e-n-accordion-item-2512\" class=\"e-n-accordion-item\" >\n\t\t\t\t<summary class=\"e-n-accordion-item-title\" data-accordion-index=\"3\" tabindex=\"-1\" aria-expanded=\"false\" aria-controls=\"e-n-accordion-item-2512\" >\n\t\t\t\t\t<span class='e-n-accordion-item-title-header'><div class=\"e-n-accordion-item-title-text\"> M\u00d3DULO 3. PINEP (Programa de Inteligencia Emocional Plena) <\/div><\/span>\n\t\t\t\t\t\t\t<span class='e-n-accordion-item-title-icon'>\n\t\t\t<span class='e-opened' ><i aria-hidden=\"true\" class=\"tgh-icon arrow_carrot-up2\"><\/i><\/span>\n\t\t\t<span class='e-closed'><i aria-hidden=\"true\" class=\"tgh-icon arrow_carrot-down2\"><\/i><\/span>\n\t\t<\/span>\n\n\t\t\t\t\t\t<\/summary>\n\t\t\t\t<div role=\"region\" aria-labelledby=\"e-n-accordion-item-2512\" class=\"elementor-element elementor-element-89d9e42 e-con-full thegem-e-con-layout-thegem e-flex e-con e-child\" data-id=\"89d9e42\" data-element_type=\"container\" data-e-type=\"container\" data-settings=\"{&quot;thegem_container_layout&quot;:&quot;thegem&quot;}\">\r\n\t\t\t\t<div class=\"elementor-element elementor-element-7e1c4e2 flex-horizontal-align-default flex-horizontal-align-tablet-default flex-horizontal-align-mobile-default flex-vertical-align-default flex-vertical-align-tablet-default flex-vertical-align-mobile-default elementor-widget elementor-widget-text-editor\" data-id=\"7e1c4e2\" data-element_type=\"widget\" data-e-type=\"widget\" data-widget_type=\"text-editor.default\">\n\t\t\t\t<div class=\"elementor-widget-container\">\n\t\t\t\t\t\t\t\t\t\t\t\t<div class=\"elementor-text-editor elementor-clearfix\">\r\n\t\t\t\t\t\t<p>Introducci\u00f3n al programa PINEP.<br \/>Del mindfulness a la gesti\u00f3n emocional consciente. Percepci\u00f3n y Expresi\u00f3n emocional consciente. Comprensi\u00f3n y facilitaci\u00f3n emocional consciente. Regulaci\u00f3n Emocional consciente.<br \/>Aplicaciones de Mindfulness para la gesti\u00f3n de las emociones conscientes en el entorno laboral.<br \/>Aplicaciones de Mindfulness para la gesti\u00f3n de las emociones conscientes en el \u00e1mbito educativo.<br \/>Aplicaciones de Mindfulness y Salud: Introducci\u00f3n a la t\u00e9cnica de Acompa\u00f1amiento emocional Compasivo (TAEC).<br \/>Acompa\u00f1amiento terap\u00e9utico para la gesti\u00f3n emocional consciente, manejo de emociones \u00abdif\u00edciles\u00bb<br \/>Ocio y gesti\u00f3n emocional consciente.<br \/>Sesiones de entrenamiento pr\u00e1ctico del programa PINEP.<br \/>Trabajo Fin de T\u00edtulo.<\/p>\t\t\t\t\t\t\t<\/div>\r\n\t\t\t\t\t\t\t\t\t\t<\/div>\n\t\t\t\t<\/div>\n\t\t\t\t<\/div>\n\t\t\t\t\t<\/details>\n\t\t\t\t\t<\/div>\n\t\t\t\t\t\t<\/div>\n\t\t\t\t<\/div>\n\t\t\t\t\t<\/div>\n\t\t\t\t<\/div>\n\t\t\t\t<\/div>\n\t\t","protected":false},"excerpt":{"rendered":"<p>Gesti\u00f3n emocional consciente. Mindfulness para el desarrollo de la inteligencia emocional. Programa de inteligencia emocional plena (PINEP).<\/p>\n","protected":false},"author":2,"featured_media":1862,"comment_status":"closed","ping_status":"closed","sticky":false,"template":"single-fullwidth.php","format":"standard","meta":{"footnotes":""},"categories":[8],"tags":[],"class_list":{"0":"post-1861","1":"post","2":"type-post","3":"status-publish","4":"format-standard","5":"has-post-thumbnail","7":"category-saludcerrado"},"yoast_head":"<!-- This site is optimized with the Yoast SEO plugin v27.4 - https:\/\/yoast.com\/product\/yoast-seo-wordpress\/ -->\n<title>Gesti\u00f3n emocional consciente. Programa Inteligencia Emocional Plena (PINEP) - Aula Online UMA<\/title>\n<meta name=\"robots\" content=\"index, follow, max-snippet:-1, max-image-preview:large, max-video-preview:-1\" \/>\n<link rel=\"canonical\" href=\"https:\/\/inntech.uma.es\/aulaonline\/gestion-emocional-consciente-programa-inteligencia-emocional-plena-pinep\/\" \/>\n<meta property=\"og:locale\" content=\"es_ES\" \/>\n<meta property=\"og:type\" content=\"article\" \/>\n<meta property=\"og:title\" content=\"Gesti\u00f3n emocional consciente. Programa Inteligencia Emocional Plena (PINEP) - Aula Online UMA\" \/>\n<meta property=\"og:description\" content=\"Gesti\u00f3n emocional consciente. Mindfulness para el desarrollo de la inteligencia emocional. Programa de inteligencia emocional plena (PINEP).\" \/>\n<meta property=\"og:url\" content=\"https:\/\/inntech.uma.es\/aulaonline\/gestion-emocional-consciente-programa-inteligencia-emocional-plena-pinep\/\" \/>\n<meta property=\"og:site_name\" content=\"Aula Online UMA\" \/>\n<meta property=\"article:publisher\" content=\"http:\/\/www.facebook.com\/universidadmalaga\" \/>\n<meta property=\"article:published_time\" content=\"2025-04-15T20:18:18+00:00\" \/>\n<meta property=\"article:modified_time\" content=\"2025-05-19T20:28:49+00:00\" \/>\n<meta property=\"og:image\" content=\"https:\/\/inntech.uma.es\/aulaonline\/wp-content\/uploads\/2025\/04\/InteligenciaEmocional.png\" \/>\n\t<meta property=\"og:image:width\" content=\"701\" \/>\n\t<meta property=\"og:image:height\" content=\"401\" \/>\n\t<meta property=\"og:image:type\" content=\"image\/png\" \/>\n<meta name=\"author\" content=\"inmaviu\" \/>\n<meta name=\"twitter:card\" content=\"summary_large_image\" \/>\n<meta name=\"twitter:creator\" content=\"@infouma\" \/>\n<meta name=\"twitter:site\" content=\"@infouma\" \/>\n<meta name=\"twitter:label1\" content=\"Escrito por\" \/>\n\t<meta name=\"twitter:data1\" content=\"inmaviu\" \/>\n\t<meta name=\"twitter:label2\" content=\"Tiempo de lectura\" \/>\n\t<meta name=\"twitter:data2\" content=\"3 minutos\" \/>\n<script type=\"application\/ld+json\" class=\"yoast-schema-graph\">{\"@context\":\"https:\\\/\\\/schema.org\",\"@graph\":[{\"@type\":\"Article\",\"@id\":\"https:\\\/\\\/inntech.uma.es\\\/aulaonline\\\/gestion-emocional-consciente-programa-inteligencia-emocional-plena-pinep\\\/#article\",\"isPartOf\":{\"@id\":\"https:\\\/\\\/inntech.uma.es\\\/aulaonline\\\/gestion-emocional-consciente-programa-inteligencia-emocional-plena-pinep\\\/\"},\"author\":{\"name\":\"inmaviu\",\"@id\":\"https:\\\/\\\/inntech.uma.es\\\/aulaonline\\\/#\\\/schema\\\/person\\\/1ad3425e7f02fa8725b2d08d316cf6c7\"},\"headline\":\"Gesti\u00f3n emocional consciente. Programa Inteligencia Emocional Plena (PINEP)\",\"datePublished\":\"2025-04-15T20:18:18+00:00\",\"dateModified\":\"2025-05-19T20:28:49+00:00\",\"mainEntityOfPage\":{\"@id\":\"https:\\\/\\\/inntech.uma.es\\\/aulaonline\\\/gestion-emocional-consciente-programa-inteligencia-emocional-plena-pinep\\\/\"},\"wordCount\":689,\"publisher\":{\"@id\":\"https:\\\/\\\/inntech.uma.es\\\/aulaonline\\\/#organization\"},\"image\":{\"@id\":\"https:\\\/\\\/inntech.uma.es\\\/aulaonline\\\/gestion-emocional-consciente-programa-inteligencia-emocional-plena-pinep\\\/#primaryimage\"},\"thumbnailUrl\":\"https:\\\/\\\/inntech.uma.es\\\/aulaonline\\\/wp-content\\\/uploads\\\/2025\\\/04\\\/InteligenciaEmocional.png\",\"articleSection\":[\"SaludCerrado\"],\"inLanguage\":\"es\"},{\"@type\":\"WebPage\",\"@id\":\"https:\\\/\\\/inntech.uma.es\\\/aulaonline\\\/gestion-emocional-consciente-programa-inteligencia-emocional-plena-pinep\\\/\",\"url\":\"https:\\\/\\\/inntech.uma.es\\\/aulaonline\\\/gestion-emocional-consciente-programa-inteligencia-emocional-plena-pinep\\\/\",\"name\":\"Gesti\u00f3n emocional consciente. Programa Inteligencia Emocional Plena (PINEP) - Aula Online UMA\",\"isPartOf\":{\"@id\":\"https:\\\/\\\/inntech.uma.es\\\/aulaonline\\\/#website\"},\"primaryImageOfPage\":{\"@id\":\"https:\\\/\\\/inntech.uma.es\\\/aulaonline\\\/gestion-emocional-consciente-programa-inteligencia-emocional-plena-pinep\\\/#primaryimage\"},\"image\":{\"@id\":\"https:\\\/\\\/inntech.uma.es\\\/aulaonline\\\/gestion-emocional-consciente-programa-inteligencia-emocional-plena-pinep\\\/#primaryimage\"},\"thumbnailUrl\":\"https:\\\/\\\/inntech.uma.es\\\/aulaonline\\\/wp-content\\\/uploads\\\/2025\\\/04\\\/InteligenciaEmocional.png\",\"datePublished\":\"2025-04-15T20:18:18+00:00\",\"dateModified\":\"2025-05-19T20:28:49+00:00\",\"breadcrumb\":{\"@id\":\"https:\\\/\\\/inntech.uma.es\\\/aulaonline\\\/gestion-emocional-consciente-programa-inteligencia-emocional-plena-pinep\\\/#breadcrumb\"},\"inLanguage\":\"es\",\"potentialAction\":[{\"@type\":\"ReadAction\",\"target\":[\"https:\\\/\\\/inntech.uma.es\\\/aulaonline\\\/gestion-emocional-consciente-programa-inteligencia-emocional-plena-pinep\\\/\"]}]},{\"@type\":\"ImageObject\",\"inLanguage\":\"es\",\"@id\":\"https:\\\/\\\/inntech.uma.es\\\/aulaonline\\\/gestion-emocional-consciente-programa-inteligencia-emocional-plena-pinep\\\/#primaryimage\",\"url\":\"https:\\\/\\\/inntech.uma.es\\\/aulaonline\\\/wp-content\\\/uploads\\\/2025\\\/04\\\/InteligenciaEmocional.png\",\"contentUrl\":\"https:\\\/\\\/inntech.uma.es\\\/aulaonline\\\/wp-content\\\/uploads\\\/2025\\\/04\\\/InteligenciaEmocional.png\",\"width\":701,\"height\":401},{\"@type\":\"BreadcrumbList\",\"@id\":\"https:\\\/\\\/inntech.uma.es\\\/aulaonline\\\/gestion-emocional-consciente-programa-inteligencia-emocional-plena-pinep\\\/#breadcrumb\",\"itemListElement\":[{\"@type\":\"ListItem\",\"position\":1,\"name\":\"Portada\",\"item\":\"https:\\\/\\\/inntech.uma.es\\\/aulaonline\\\/\"},{\"@type\":\"ListItem\",\"position\":2,\"name\":\"Gesti\u00f3n emocional consciente. Programa Inteligencia Emocional Plena (PINEP)\"}]},{\"@type\":\"WebSite\",\"@id\":\"https:\\\/\\\/inntech.uma.es\\\/aulaonline\\\/#website\",\"url\":\"https:\\\/\\\/inntech.uma.es\\\/aulaonline\\\/\",\"name\":\"UMA Aula Online\",\"description\":\"\",\"publisher\":{\"@id\":\"https:\\\/\\\/inntech.uma.es\\\/aulaonline\\\/#organization\"},\"potentialAction\":[{\"@type\":\"SearchAction\",\"target\":{\"@type\":\"EntryPoint\",\"urlTemplate\":\"https:\\\/\\\/inntech.uma.es\\\/aulaonline\\\/?s={search_term_string}\"},\"query-input\":{\"@type\":\"PropertyValueSpecification\",\"valueRequired\":true,\"valueName\":\"search_term_string\"}}],\"inLanguage\":\"es\"},{\"@type\":\"Organization\",\"@id\":\"https:\\\/\\\/inntech.uma.es\\\/aulaonline\\\/#organization\",\"name\":\"Universidad de M\u00e1laga\",\"url\":\"https:\\\/\\\/inntech.uma.es\\\/aulaonline\\\/\",\"logo\":{\"@type\":\"ImageObject\",\"inLanguage\":\"es\",\"@id\":\"https:\\\/\\\/inntech.uma.es\\\/aulaonline\\\/#\\\/schema\\\/logo\\\/image\\\/\",\"url\":\"https:\\\/\\\/aulaonline.uma.es\\\/wp-content\\\/uploads\\\/2025\\\/04\\\/LogoUMA_AulaOnline-1.png\",\"contentUrl\":\"https:\\\/\\\/aulaonline.uma.es\\\/wp-content\\\/uploads\\\/2025\\\/04\\\/LogoUMA_AulaOnline-1.png\",\"width\":1000,\"height\":250,\"caption\":\"Universidad de M\u00e1laga\"},\"image\":{\"@id\":\"https:\\\/\\\/inntech.uma.es\\\/aulaonline\\\/#\\\/schema\\\/logo\\\/image\\\/\"},\"sameAs\":[\"http:\\\/\\\/www.facebook.com\\\/universidadmalaga\",\"https:\\\/\\\/x.com\\\/infouma\"]},{\"@type\":\"Person\",\"@id\":\"https:\\\/\\\/inntech.uma.es\\\/aulaonline\\\/#\\\/schema\\\/person\\\/1ad3425e7f02fa8725b2d08d316cf6c7\",\"name\":\"inmaviu\",\"image\":{\"@type\":\"ImageObject\",\"inLanguage\":\"es\",\"@id\":\"https:\\\/\\\/secure.gravatar.com\\\/avatar\\\/a2abe151b637dfa5a418a7d4a5132dce89a409a7f6ab2c6e0d46df68dfe50ec8?s=96&d=mm&r=g\",\"url\":\"https:\\\/\\\/secure.gravatar.com\\\/avatar\\\/a2abe151b637dfa5a418a7d4a5132dce89a409a7f6ab2c6e0d46df68dfe50ec8?s=96&d=mm&r=g\",\"contentUrl\":\"https:\\\/\\\/secure.gravatar.com\\\/avatar\\\/a2abe151b637dfa5a418a7d4a5132dce89a409a7f6ab2c6e0d46df68dfe50ec8?s=96&d=mm&r=g\",\"caption\":\"inmaviu\"},\"url\":\"https:\\\/\\\/inntech.uma.es\\\/aulaonline\\\/author\\\/inmaviu\\\/\"}]}<\/script>\n<!-- \/ Yoast SEO plugin. -->","yoast_head_json":{"title":"Gesti\u00f3n emocional consciente. Programa Inteligencia Emocional Plena (PINEP) - Aula Online UMA","robots":{"index":"index","follow":"follow","max-snippet":"max-snippet:-1","max-image-preview":"max-image-preview:large","max-video-preview":"max-video-preview:-1"},"canonical":"https:\/\/inntech.uma.es\/aulaonline\/gestion-emocional-consciente-programa-inteligencia-emocional-plena-pinep\/","og_locale":"es_ES","og_type":"article","og_title":"Gesti\u00f3n emocional consciente. Programa Inteligencia Emocional Plena (PINEP) - Aula Online UMA","og_description":"Gesti\u00f3n emocional consciente. Mindfulness para el desarrollo de la inteligencia emocional. Programa de inteligencia emocional plena (PINEP).","og_url":"https:\/\/inntech.uma.es\/aulaonline\/gestion-emocional-consciente-programa-inteligencia-emocional-plena-pinep\/","og_site_name":"Aula Online UMA","article_publisher":"http:\/\/www.facebook.com\/universidadmalaga","article_published_time":"2025-04-15T20:18:18+00:00","article_modified_time":"2025-05-19T20:28:49+00:00","og_image":[{"width":701,"height":401,"url":"https:\/\/inntech.uma.es\/aulaonline\/wp-content\/uploads\/2025\/04\/InteligenciaEmocional.png","type":"image\/png"}],"author":"inmaviu","twitter_card":"summary_large_image","twitter_creator":"@infouma","twitter_site":"@infouma","twitter_misc":{"Escrito por":"inmaviu","Tiempo de lectura":"3 minutos"},"schema":{"@context":"https:\/\/schema.org","@graph":[{"@type":"Article","@id":"https:\/\/inntech.uma.es\/aulaonline\/gestion-emocional-consciente-programa-inteligencia-emocional-plena-pinep\/#article","isPartOf":{"@id":"https:\/\/inntech.uma.es\/aulaonline\/gestion-emocional-consciente-programa-inteligencia-emocional-plena-pinep\/"},"author":{"name":"inmaviu","@id":"https:\/\/inntech.uma.es\/aulaonline\/#\/schema\/person\/1ad3425e7f02fa8725b2d08d316cf6c7"},"headline":"Gesti\u00f3n emocional consciente. Programa Inteligencia Emocional Plena (PINEP)","datePublished":"2025-04-15T20:18:18+00:00","dateModified":"2025-05-19T20:28:49+00:00","mainEntityOfPage":{"@id":"https:\/\/inntech.uma.es\/aulaonline\/gestion-emocional-consciente-programa-inteligencia-emocional-plena-pinep\/"},"wordCount":689,"publisher":{"@id":"https:\/\/inntech.uma.es\/aulaonline\/#organization"},"image":{"@id":"https:\/\/inntech.uma.es\/aulaonline\/gestion-emocional-consciente-programa-inteligencia-emocional-plena-pinep\/#primaryimage"},"thumbnailUrl":"https:\/\/inntech.uma.es\/aulaonline\/wp-content\/uploads\/2025\/04\/InteligenciaEmocional.png","articleSection":["SaludCerrado"],"inLanguage":"es"},{"@type":"WebPage","@id":"https:\/\/inntech.uma.es\/aulaonline\/gestion-emocional-consciente-programa-inteligencia-emocional-plena-pinep\/","url":"https:\/\/inntech.uma.es\/aulaonline\/gestion-emocional-consciente-programa-inteligencia-emocional-plena-pinep\/","name":"Gesti\u00f3n emocional consciente. Programa Inteligencia Emocional Plena (PINEP) - Aula Online UMA","isPartOf":{"@id":"https:\/\/inntech.uma.es\/aulaonline\/#website"},"primaryImageOfPage":{"@id":"https:\/\/inntech.uma.es\/aulaonline\/gestion-emocional-consciente-programa-inteligencia-emocional-plena-pinep\/#primaryimage"},"image":{"@id":"https:\/\/inntech.uma.es\/aulaonline\/gestion-emocional-consciente-programa-inteligencia-emocional-plena-pinep\/#primaryimage"},"thumbnailUrl":"https:\/\/inntech.uma.es\/aulaonline\/wp-content\/uploads\/2025\/04\/InteligenciaEmocional.png","datePublished":"2025-04-15T20:18:18+00:00","dateModified":"2025-05-19T20:28:49+00:00","breadcrumb":{"@id":"https:\/\/inntech.uma.es\/aulaonline\/gestion-emocional-consciente-programa-inteligencia-emocional-plena-pinep\/#breadcrumb"},"inLanguage":"es","potentialAction":[{"@type":"ReadAction","target":["https:\/\/inntech.uma.es\/aulaonline\/gestion-emocional-consciente-programa-inteligencia-emocional-plena-pinep\/"]}]},{"@type":"ImageObject","inLanguage":"es","@id":"https:\/\/inntech.uma.es\/aulaonline\/gestion-emocional-consciente-programa-inteligencia-emocional-plena-pinep\/#primaryimage","url":"https:\/\/inntech.uma.es\/aulaonline\/wp-content\/uploads\/2025\/04\/InteligenciaEmocional.png","contentUrl":"https:\/\/inntech.uma.es\/aulaonline\/wp-content\/uploads\/2025\/04\/InteligenciaEmocional.png","width":701,"height":401},{"@type":"BreadcrumbList","@id":"https:\/\/inntech.uma.es\/aulaonline\/gestion-emocional-consciente-programa-inteligencia-emocional-plena-pinep\/#breadcrumb","itemListElement":[{"@type":"ListItem","position":1,"name":"Portada","item":"https:\/\/inntech.uma.es\/aulaonline\/"},{"@type":"ListItem","position":2,"name":"Gesti\u00f3n emocional consciente. Programa Inteligencia Emocional Plena (PINEP)"}]},{"@type":"WebSite","@id":"https:\/\/inntech.uma.es\/aulaonline\/#website","url":"https:\/\/inntech.uma.es\/aulaonline\/","name":"UMA Aula Online","description":"","publisher":{"@id":"https:\/\/inntech.uma.es\/aulaonline\/#organization"},"potentialAction":[{"@type":"SearchAction","target":{"@type":"EntryPoint","urlTemplate":"https:\/\/inntech.uma.es\/aulaonline\/?s={search_term_string}"},"query-input":{"@type":"PropertyValueSpecification","valueRequired":true,"valueName":"search_term_string"}}],"inLanguage":"es"},{"@type":"Organization","@id":"https:\/\/inntech.uma.es\/aulaonline\/#organization","name":"Universidad de M\u00e1laga","url":"https:\/\/inntech.uma.es\/aulaonline\/","logo":{"@type":"ImageObject","inLanguage":"es","@id":"https:\/\/inntech.uma.es\/aulaonline\/#\/schema\/logo\/image\/","url":"https:\/\/aulaonline.uma.es\/wp-content\/uploads\/2025\/04\/LogoUMA_AulaOnline-1.png","contentUrl":"https:\/\/aulaonline.uma.es\/wp-content\/uploads\/2025\/04\/LogoUMA_AulaOnline-1.png","width":1000,"height":250,"caption":"Universidad de M\u00e1laga"},"image":{"@id":"https:\/\/inntech.uma.es\/aulaonline\/#\/schema\/logo\/image\/"},"sameAs":["http:\/\/www.facebook.com\/universidadmalaga","https:\/\/x.com\/infouma"]},{"@type":"Person","@id":"https:\/\/inntech.uma.es\/aulaonline\/#\/schema\/person\/1ad3425e7f02fa8725b2d08d316cf6c7","name":"inmaviu","image":{"@type":"ImageObject","inLanguage":"es","@id":"https:\/\/secure.gravatar.com\/avatar\/a2abe151b637dfa5a418a7d4a5132dce89a409a7f6ab2c6e0d46df68dfe50ec8?s=96&d=mm&r=g","url":"https:\/\/secure.gravatar.com\/avatar\/a2abe151b637dfa5a418a7d4a5132dce89a409a7f6ab2c6e0d46df68dfe50ec8?s=96&d=mm&r=g","contentUrl":"https:\/\/secure.gravatar.com\/avatar\/a2abe151b637dfa5a418a7d4a5132dce89a409a7f6ab2c6e0d46df68dfe50ec8?s=96&d=mm&r=g","caption":"inmaviu"},"url":"https:\/\/inntech.uma.es\/aulaonline\/author\/inmaviu\/"}]}},"menu_order":0,"_links":{"self":[{"href":"https:\/\/inntech.uma.es\/aulaonline\/wp-json\/wp\/v2\/posts\/1861","targetHints":{"allow":["GET"]}}],"collection":[{"href":"https:\/\/inntech.uma.es\/aulaonline\/wp-json\/wp\/v2\/posts"}],"about":[{"href":"https:\/\/inntech.uma.es\/aulaonline\/wp-json\/wp\/v2\/types\/post"}],"author":[{"embeddable":true,"href":"https:\/\/inntech.uma.es\/aulaonline\/wp-json\/wp\/v2\/users\/2"}],"replies":[{"embeddable":true,"href":"https:\/\/inntech.uma.es\/aulaonline\/wp-json\/wp\/v2\/comments?post=1861"}],"version-history":[{"count":13,"href":"https:\/\/inntech.uma.es\/aulaonline\/wp-json\/wp\/v2\/posts\/1861\/revisions"}],"predecessor-version":[{"id":2211,"href":"https:\/\/inntech.uma.es\/aulaonline\/wp-json\/wp\/v2\/posts\/1861\/revisions\/2211"}],"wp:featuredmedia":[{"embeddable":true,"href":"https:\/\/inntech.uma.es\/aulaonline\/wp-json\/wp\/v2\/media\/1862"}],"wp:attachment":[{"href":"https:\/\/inntech.uma.es\/aulaonline\/wp-json\/wp\/v2\/media?parent=1861"}],"wp:term":[{"taxonomy":"category","embeddable":true,"href":"https:\/\/inntech.uma.es\/aulaonline\/wp-json\/wp\/v2\/categories?post=1861"},{"taxonomy":"post_tag","embeddable":true,"href":"https:\/\/inntech.uma.es\/aulaonline\/wp-json\/wp\/v2\/tags?post=1861"}],"curies":[{"name":"wp","href":"https:\/\/api.w.org\/{rel}","templated":true}]}}