{"id":2821,"date":"2025-05-19T22:34:00","date_gmt":"2025-05-19T20:34:00","guid":{"rendered":"https:\/\/inntech.uma.es\/aulaonline\/?p=2821"},"modified":"2025-10-01T14:13:33","modified_gmt":"2025-10-01T12:13:33","slug":"neurogenetica-aplicada-a-la-clinica","status":"publish","type":"post","link":"https:\/\/inntech.uma.es\/aulaonline\/neurogenetica-aplicada-a-la-clinica\/","title":{"rendered":"Neurogen\u00e9tica Aplicada a la Cl\u00ednica"},"content":{"rendered":"\t\t<div data-elementor-type=\"wp-post\" data-elementor-id=\"2821\" class=\"elementor elementor-2821\">\n\t\t\t\t<div class=\"elementor-element elementor-element-b9d070c thegem-e-con-layout-thegem e-flex e-con-boxed e-con e-parent\" data-id=\"b9d070c\" data-element_type=\"container\" data-e-type=\"container\" data-settings=\"{&quot;thegem_container_layout&quot;:&quot;thegem&quot;}\">\r\n\t\t\t\t\t<div class=\"e-con-inner\">\r\n\t\t\t\t<div class=\"elementor-element elementor-element-8371746 flex-horizontal-align-default flex-horizontal-align-tablet-default flex-horizontal-align-mobile-default flex-vertical-align-default flex-vertical-align-tablet-default flex-vertical-align-mobile-default elementor-widget elementor-widget-heading\" data-id=\"8371746\" data-element_type=\"widget\" data-e-type=\"widget\" data-widget_type=\"heading.default\">\n\t\t\t\t<div class=\"elementor-widget-container\">\n\t\t\t\t\t<h3 class=\"elementor-heading-title elementor-size-default\">I MICROCREDENCIAL UNIVERSITARIA EN NEUROGEN\u00c9TICA APLICADA A LA CL\u00cdNICA<\/h3>\t\t\t\t<\/div>\n\t\t\t\t<\/div>\n\t\t\t\t\t<\/div>\n\t\t\t\t<\/div>\n\t\t<div class=\"elementor-element elementor-element-6f6f4a1 e-con-full thegem-e-con-layout-thegem e-flex e-con e-parent\" data-id=\"6f6f4a1\" data-element_type=\"container\" data-e-type=\"container\" data-settings=\"{&quot;thegem_container_layout&quot;:&quot;thegem&quot;}\">\r\n\t\t\t\t<div class=\"elementor-element elementor-element-520ae01 elementor-widget-divider--view-line flex-horizontal-align-default flex-horizontal-align-tablet-default flex-horizontal-align-mobile-default flex-vertical-align-default flex-vertical-align-tablet-default flex-vertical-align-mobile-default elementor-widget elementor-widget-divider\" data-id=\"520ae01\" data-element_type=\"widget\" data-e-type=\"widget\" data-widget_type=\"divider.default\">\n\t\t\t\t<div class=\"elementor-widget-container\">\n\t\t\t\t\t\t\t<div class=\"elementor-divider\">\n\t\t\t<span class=\"elementor-divider-separator\">\n\t\t\t\t\t\t<\/span>\n\t\t<\/div>\n\t\t\t\t\t\t<\/div>\n\t\t\t\t<\/div>\n\t\t\t\t<\/div>\n\t\t<div class=\"elementor-element elementor-element-46b279d thegem-e-con-layout-thegem e-flex e-con-boxed e-con e-parent\" data-id=\"46b279d\" data-element_type=\"container\" data-e-type=\"container\" data-settings=\"{&quot;thegem_container_layout&quot;:&quot;thegem&quot;}\">\r\n\t\t\t\t\t<div class=\"e-con-inner\">\r\n\t\t<div class=\"elementor-element elementor-element-95f9eba e-con-full thegem-e-con-layout-thegem e-flex e-con e-child\" data-id=\"95f9eba\" data-element_type=\"container\" data-e-type=\"container\" data-settings=\"{&quot;thegem_container_layout&quot;:&quot;thegem&quot;}\">\r\n\t\t\t\t<div class=\"elementor-element elementor-element-d45499a flex-horizontal-align-default flex-horizontal-align-tablet-default flex-horizontal-align-mobile-default flex-vertical-align-default flex-vertical-align-tablet-default flex-vertical-align-mobile-default elementor-widget elementor-widget-text-editor\" data-id=\"d45499a\" data-element_type=\"widget\" data-e-type=\"widget\" data-widget_type=\"text-editor.default\">\n\t\t\t\t<div class=\"elementor-widget-container\">\n\t\t\t\t\t\t\t\t\t\t\t\t<div class=\"elementor-text-editor elementor-clearfix\">\r\n\t\t\t\t\t\t<p><strong>DESCRIPCI\u00d3N: <\/strong>Formaci\u00f3n online especializada en neurogen\u00e9tica aplicada a la pr\u00e1ctica cl\u00ednica, desde m\u00e9todos de diagn\u00f3stico hasta avances en asesoramiento gen\u00e9tico en diversas enfermedades.<\/p>\t\t\t\t\t\t\t<\/div>\r\n\t\t\t\t\t\t\t\t\t\t<\/div>\n\t\t\t\t<\/div>\n\t\t\t\t<div class=\"elementor-element elementor-element-b89973f flex-horizontal-align-default flex-horizontal-align-tablet-default flex-horizontal-align-mobile-default flex-vertical-align-default flex-vertical-align-tablet-default flex-vertical-align-mobile-default elementor-widget elementor-widget-text-editor\" data-id=\"b89973f\" data-element_type=\"widget\" data-e-type=\"widget\" data-widget_type=\"text-editor.default\">\n\t\t\t\t<div class=\"elementor-widget-container\">\n\t\t\t\t\t\t\t\t\t\t\t\t<div class=\"elementor-text-editor elementor-clearfix\">\r\n\t\t\t\t\t\t<p><strong>DIRECCI\u00d3N: <\/strong>Manuel Narv\u00e1ez Pel\u00e1ez<\/p>\t\t\t\t\t\t\t<\/div>\r\n\t\t\t\t\t\t\t\t\t\t<\/div>\n\t\t\t\t<\/div>\n\t\t<div class=\"elementor-element elementor-element-b7c9f8a e-grid thegem-e-con-layout-thegem e-con-boxed e-con e-child\" data-id=\"b7c9f8a\" data-element_type=\"container\" data-e-type=\"container\" data-settings=\"{&quot;thegem_container_layout&quot;:&quot;thegem&quot;}\">\r\n\t\t\t\t\t<div class=\"e-con-inner\">\r\n\t\t\t\t<div class=\"elementor-element elementor-element-252f0bb elementor-widget__width-initial flex-horizontal-align-default flex-horizontal-align-tablet-default flex-horizontal-align-mobile-default flex-vertical-align-default flex-vertical-align-tablet-default flex-vertical-align-mobile-default elementor-widget elementor-widget-thegem-infobox\" data-id=\"252f0bb\" data-element_type=\"widget\" data-e-type=\"widget\" data-settings=\"{&quot;thegem_elementor_preset&quot;:&quot;tiny&quot;}\" data-widget_type=\"thegem-infobox.default\">\n\t\t\t\t<div class=\"elementor-widget-container\">\n\t\t\t\t\t\n<div class=\"gem-infobox styled-textbox-tiny \">\n\n\t\n\t\t<div class=\"gem-infobox-top gem-infobox-top-none default-fill\">\n\t\t\t\t\t<\/div>\n\t\n\t<div class=\"gem-infobox-inner\">\n\n\t\t<div class=\"gem-infobox-content default gem-infobox-icon-horizontal-left gem-infobox-icon-image-wrapping-inline\">\n\n\t\t\t\t\t\t\t<div class=\"gem-texbox-icon-image-wrapper\">\n\n\t\t\t\t\t\t\t\t\t\t\t<div class=\"default left\">\n\t\t\t\t\t\t\t<div class=\"gem-infobox-icon\">\n\t\t\t\t\t\t\t\t<div class=\"elementor-icon\">\n\t\t\t\t\t\t\t\t\t<i aria-hidden=\"true\" class=\"tgh-icon phone\"><\/i>\t\t\t\t\t\t\t\t<\/div>\n\t\t\t\t\t\t\t<\/div>\n\t\t\t\t\t\t<\/div>\n\t\t\t\t\t\n\t\t\t\t\t\n\t\t\t\t<\/div>\n\t\t\t\n\t\t\t<div class=\"gem-texbox-text-wrapper\">\n\n\t\t\t\t\t\t\t\t\t\n\t\t\t\t\t\t<div class=\"gem-infobox-title text-body-tiny light\">\n\t\t\t\t\t\t\t952137427\t\t\t\t\t\t<\/div>\n\n\t\t\t\t\t\n\t\t\t\t\t\n\t\t\t\t\t\n\t\t\t\t\n\t\t\t<\/div>\n\n\t\t<\/div>\n\n\t<\/div>\n\n\t\n\t\t<div class=\"gem-infobox-bottom gem-infobox-bottom-none default-fill\">\n\t\t\t\t<\/div>\n\t\n\t\n<\/div>\n\t\t\t\t<\/div>\n\t\t\t\t<\/div>\n\t\t\t\t<div class=\"elementor-element elementor-element-6cb3426 elementor-widget__width-initial flex-horizontal-align-default flex-horizontal-align-tablet-default flex-horizontal-align-mobile-default flex-vertical-align-default flex-vertical-align-tablet-default flex-vertical-align-mobile-default elementor-widget elementor-widget-thegem-infobox\" data-id=\"6cb3426\" data-element_type=\"widget\" data-e-type=\"widget\" data-settings=\"{&quot;thegem_elementor_preset&quot;:&quot;tiny&quot;}\" data-widget_type=\"thegem-infobox.default\">\n\t\t\t\t<div class=\"elementor-widget-container\">\n\t\t\t\t\t\n<div class=\"gem-infobox styled-textbox-tiny \">\n\n\t\n\t\t<div class=\"gem-infobox-top gem-infobox-top-none default-fill\">\n\t\t\t\t\t<\/div>\n\t\n\t<div class=\"gem-infobox-inner\">\n\n\t\t<div class=\"gem-infobox-content default gem-infobox-icon-horizontal-left gem-infobox-icon-image-wrapping-inline\">\n\n\t\t\t\t\t\t\t<div class=\"gem-texbox-icon-image-wrapper\">\n\n\t\t\t\t\t\t\t\t\t\t\t<div class=\"default left\">\n\t\t\t\t\t\t\t<div class=\"gem-infobox-icon\">\n\t\t\t\t\t\t\t\t<div class=\"elementor-icon\">\n\t\t\t\t\t\t\t\t\t<i aria-hidden=\"true\" class=\"gem-elegant icon-mail-alt\"><\/i>\t\t\t\t\t\t\t\t<\/div>\n\t\t\t\t\t\t\t<\/div>\n\t\t\t\t\t\t<\/div>\n\t\t\t\t\t\n\t\t\t\t\t\n\t\t\t\t<\/div>\n\t\t\t\n\t\t\t<div class=\"gem-texbox-text-wrapper\">\n\n\t\t\t\t\t\t\t\t\t\n\t\t\t\t\t\t<div class=\"gem-infobox-title text-body-tiny light\">\n\t\t\t\t\t\t\tinfo@catedraimbrain.es\t\t\t\t\t\t<\/div>\n\n\t\t\t\t\t\n\t\t\t\t\t\n\t\t\t\t\t\n\t\t\t\t\n\t\t\t<\/div>\n\n\t\t<\/div>\n\n\t<\/div>\n\n\t\n\t\t<div class=\"gem-infobox-bottom gem-infobox-bottom-none default-fill\">\n\t\t\t\t<\/div>\n\t\n\t\n<\/div>\n\t\t\t\t<\/div>\n\t\t\t\t<\/div>\n\t\t\t\t<div class=\"elementor-element elementor-element-151b3dc elementor-widget__width-initial flex-horizontal-align-default flex-horizontal-align-tablet-default flex-horizontal-align-mobile-default flex-vertical-align-default flex-vertical-align-tablet-default flex-vertical-align-mobile-default elementor-widget elementor-widget-thegem-infobox\" data-id=\"151b3dc\" data-element_type=\"widget\" data-e-type=\"widget\" data-settings=\"{&quot;thegem_elementor_preset&quot;:&quot;tiny&quot;}\" data-widget_type=\"thegem-infobox.default\">\n\t\t\t\t<div class=\"elementor-widget-container\">\n\t\t\t\t\t\n<div class=\"gem-infobox styled-textbox-tiny \">\n\n\t\n\t\t<div class=\"gem-infobox-top gem-infobox-top-none default-fill\">\n\t\t\t\t\t<\/div>\n\t\n\t<div class=\"gem-infobox-inner\">\n\n\t\t<div class=\"gem-infobox-content default gem-infobox-icon-horizontal-left gem-infobox-icon-image-wrapping-inline\">\n\n\t\t\t\t\t\t\t<div class=\"gem-texbox-icon-image-wrapper\">\n\n\t\t\t\t\t\t\t\t\t\t\t<div class=\"default left\">\n\t\t\t\t\t\t\t<div class=\"gem-infobox-icon\">\n\t\t\t\t\t\t\t\t<div class=\"elementor-icon\">\n\t\t\t\t\t\t\t\t\t\t\t\t\t\t\t\t\t<\/div>\n\t\t\t\t\t\t\t<\/div>\n\t\t\t\t\t\t<\/div>\n\t\t\t\t\t\n\t\t\t\t\t\n\t\t\t\t<\/div>\n\t\t\t\n\t\t\t<div class=\"gem-texbox-text-wrapper\">\n\n\t\t\t\t\t\t\t\t\t\n\t\t\t\t\t\t<div class=\"gem-infobox-title text-body-tiny light\">\n\t\t\t\t\t\t\tC\u00e1tedra IMBRAIN\t\t\t\t\t\t<\/div>\n\n\t\t\t\t\t\n\t\t\t\t\t\n\t\t\t\t\t\n\t\t\t\t\n\t\t\t<\/div>\n\n\t\t<\/div>\n\n\t<\/div>\n\n\t\n\t\t<div class=\"gem-infobox-bottom gem-infobox-bottom-none default-fill\">\n\t\t\t\t<\/div>\n\t\n\t\n<\/div>\n\t\t\t\t<\/div>\n\t\t\t\t<\/div>\n\t\t\t\t\t<\/div>\n\t\t\t\t<\/div>\n\t\t\t\t<div class=\"elementor-element elementor-element-de98b43 flex-horizontal-align-default flex-horizontal-align-tablet-default flex-horizontal-align-mobile-default flex-vertical-align-default flex-vertical-align-tablet-default flex-vertical-align-mobile-default elementor-widget elementor-widget-text-editor\" data-id=\"de98b43\" data-element_type=\"widget\" data-e-type=\"widget\" data-widget_type=\"text-editor.default\">\n\t\t\t\t<div class=\"elementor-widget-container\">\n\t\t\t\t\t\t\t\t\t\t\t\t<div class=\"elementor-text-editor elementor-clearfix\">\r\n\t\t\t\t\t\t<p><strong>PRECIO: <\/strong>200 \u20ac <br \/><strong>CR\u00c9DITOS EUROPEOS TOTALES:<\/strong> 6 ECTS<br \/><strong>HORAS DE CLASE: <\/strong>60<br \/><strong>N\u00daMERO DE PLAZAS:<\/strong> 50<\/p>\t\t\t\t\t\t\t<\/div>\r\n\t\t\t\t\t\t\t\t\t\t<\/div>\n\t\t\t\t<\/div>\n\t\t\t\t<div class=\"elementor-element elementor-element-be0e1c0 flex-horizontal-align-default flex-horizontal-align-tablet-default flex-horizontal-align-mobile-default flex-vertical-align-default flex-vertical-align-tablet-default flex-vertical-align-mobile-default elementor-widget elementor-widget-thegem-styledbutton\" data-id=\"be0e1c0\" data-element_type=\"widget\" data-e-type=\"widget\" data-settings=\"{&quot;thegem_button_skin&quot;:&quot;flat&quot;,&quot;add_icon&quot;:&quot;yes&quot;}\" data-widget_type=\"thegem-styledbutton.default\">\n\t\t\t\t<div class=\"elementor-widget-container\">\n\t\t\t\t\t\n<div class=\"gem-button-container gem-widget-button\">\n\n\t\t<a class=\"gem-button gem-button-size-small gem-button-text-weight-bold gem-button-style-flat\" href=\"https:\/\/www.titulacionespropias.uma.es\/informacion_curso.php?id_curso=6904156\">\n\t\t<span class=\"gem-inner-wrapper-btn\">\n\t\t\t\t\t\t\t<span class=\"gem-button-icon\">\n\t\t\t\t\t<svg aria-hidden=\"true\" class=\"e-font-icon-svg e-far-arrow-alt-circle-right\" viewBox=\"0 0 512 512\" xmlns=\"http:\/\/www.w3.org\/2000\/svg\"><path d=\"M504 256C504 119 393 8 256 8S8 119 8 256s111 248 248 248 248-111 248-248zm-448 0c0-110.5 89.5-200 200-200s200 89.5 200 200-89.5 200-200 200S56 366.5 56 256zm72 20v-40c0-6.6 5.4-12 12-12h116v-67c0-10.7 12.9-16 20.5-8.5l99 99c4.7 4.7 4.7 12.3 0 17l-99 99c-7.6 7.6-20.5 2.2-20.5-8.5v-67H140c-6.6 0-12-5.4-12-12z\"><\/path><\/svg>\t\t\t\t<\/span>\n\t\t\t\t\t\t<span class=\"gem-text-button\">\n\t\t\t\tINSCRIPCI\u00d3N CERRADA\t\t\t<\/span>\n\t\t<\/span>\n\t<\/a>\n\n\t\n<\/div>\t\t\t\t<\/div>\n\t\t\t\t<\/div>\n\t\t\t\t<\/div>\n\t\t<div class=\"elementor-element elementor-element-27b4115 e-con-full thegem-e-con-layout-thegem e-flex e-con e-child\" data-id=\"27b4115\" data-element_type=\"container\" data-e-type=\"container\" data-settings=\"{&quot;thegem_container_layout&quot;:&quot;thegem&quot;}\">\r\n\t\t\t\t<div class=\"elementor-element elementor-element-47ea7fa flex-horizontal-align-default flex-horizontal-align-tablet-default flex-horizontal-align-mobile-default flex-vertical-align-default flex-vertical-align-tablet-default flex-vertical-align-mobile-default elementor-widget elementor-widget-text-editor\" data-id=\"47ea7fa\" data-element_type=\"widget\" data-e-type=\"widget\" data-widget_type=\"text-editor.default\">\n\t\t\t\t<div class=\"elementor-widget-container\">\n\t\t\t\t\t\t\t\t\t\t\t\t<div class=\"elementor-text-editor elementor-clearfix\">\r\n\t\t\t\t\t\t<p><strong>Fecha de realizaci\u00f3n: <\/strong>02\/07\/25 &#8211; 30\/03\/26\u00a0<strong><br \/>Horario:\u00a0<\/strong>&#8211;<\/p><p><strong>Plazo de preinscripci\u00f3n: <\/strong>02\/05\/25 &#8211; 11\/05\/25<strong><br \/><\/strong><strong>Plazo de matr\u00edcula: <\/strong>12\/05\/25 &#8211; 22\/05\/25<\/p><p><strong>Requisitos:\u00a0<\/strong>Este curso est\u00e1 dirigido a profesionales sanitarios de \u00e1mbito nacional e internacional de habla hispana, cuyas titulaciones se encuadran en los art\u00edculos 2.a), 2.b), 3.a) de la Ley 44\/2003 de 21 de noviembre, de Ordenaci\u00f3n de las Profesiones Sanitarias. Esto incluye, pero no se limita a: <br \/>&#8211; Profesiones Sanitarias Tituladas de Nivel Licenciatura o Grado: M\u00e9dicos y Cirujanos; Farmac\u00e9uticos; Bi\u00f3logos; Bioqu\u00edmicos; Biotecn\u00f3logos; Psic\u00f3logos (especialidad cl\u00ednica); Enfermeros; F\u00edsicos (\u00e1rea sanitaria); Qu\u00edmicos (\u00e1rea sanitaria); Odont\u00f3logos; Veterinarios.<br \/>&#8211; Profesiones Sanitarias de Formaci\u00f3n Profesional: T\u00e9cnicos Superiores en Laboratorio Cl\u00ednico y Biom\u00e9dico; T\u00e9cnicos Superiores en Imagen para el Diagn\u00f3stico y Medicina Nuclear; Otros t\u00e9cnicos sanitarios recogidos en la normativa vigente.<\/p>\t\t\t\t\t\t\t<\/div>\r\n\t\t\t\t\t\t\t\t\t\t<\/div>\n\t\t\t\t<\/div>\n\t\t\t\t<\/div>\n\t\t\t\t\t<\/div>\n\t\t\t\t<\/div>\n\t\t<div class=\"elementor-element elementor-element-266a8af thegem-e-con-layout-thegem e-flex e-con-boxed e-con e-parent\" data-id=\"266a8af\" data-element_type=\"container\" data-e-type=\"container\" data-settings=\"{&quot;thegem_container_layout&quot;:&quot;thegem&quot;}\">\r\n\t\t\t\t\t<div class=\"e-con-inner\">\r\n\t\t\t\t<div class=\"elementor-element elementor-element-5ca252c elementor-widget-divider--view-line flex-horizontal-align-default flex-horizontal-align-tablet-default flex-horizontal-align-mobile-default flex-vertical-align-default flex-vertical-align-tablet-default flex-vertical-align-mobile-default elementor-widget elementor-widget-divider\" data-id=\"5ca252c\" data-element_type=\"widget\" data-e-type=\"widget\" data-widget_type=\"divider.default\">\n\t\t\t\t<div class=\"elementor-widget-container\">\n\t\t\t\t\t\t\t<div class=\"elementor-divider\">\n\t\t\t<span class=\"elementor-divider-separator\">\n\t\t\t\t\t\t<\/span>\n\t\t<\/div>\n\t\t\t\t\t\t<\/div>\n\t\t\t\t<\/div>\n\t\t\t\t\t<\/div>\n\t\t\t\t<\/div>\n\t\t<div class=\"elementor-element elementor-element-7e8e928 thegem-e-con-layout-thegem e-flex e-con-boxed e-con e-parent\" data-id=\"7e8e928\" data-element_type=\"container\" data-e-type=\"container\" data-settings=\"{&quot;thegem_container_layout&quot;:&quot;thegem&quot;}\">\r\n\t\t\t\t\t<div class=\"e-con-inner\">\r\n\t\t\t\t<div class=\"elementor-element elementor-element-f015fd7 flex-horizontal-align-default flex-horizontal-align-tablet-default flex-horizontal-align-mobile-default flex-vertical-align-default flex-vertical-align-tablet-default flex-vertical-align-mobile-default elementor-widget elementor-widget-n-accordion\" data-id=\"f015fd7\" data-element_type=\"widget\" data-e-type=\"widget\" data-settings=\"{&quot;default_state&quot;:&quot;expanded&quot;,&quot;max_items_expended&quot;:&quot;one&quot;,&quot;n_accordion_animation_duration&quot;:{&quot;unit&quot;:&quot;ms&quot;,&quot;size&quot;:400,&quot;sizes&quot;:[]}}\" data-widget_type=\"nested-accordion.default\">\n\t\t\t\t<div class=\"elementor-widget-container\">\n\t\t\t\t\t\t\t<div class=\"e-n-accordion\" aria-label=\"Accordion. Open links with Enter or Space, close with Escape, and navigate with Arrow Keys\">\n\t\t\t\t\t\t<details id=\"e-n-accordion-item-2510\" class=\"e-n-accordion-item\" open>\n\t\t\t\t<summary class=\"e-n-accordion-item-title\" data-accordion-index=\"1\" tabindex=\"0\" aria-expanded=\"true\" aria-controls=\"e-n-accordion-item-2510\" >\n\t\t\t\t\t<span class='e-n-accordion-item-title-header'><div class=\"e-n-accordion-item-title-text\"> M\u00d3DULO 1. Introducci\u00f3n a la Neurogen\u00e9tica (I) <\/div><\/span>\n\t\t\t\t\t\t\t<span class='e-n-accordion-item-title-icon'>\n\t\t\t<span class='e-opened' ><i aria-hidden=\"true\" class=\"tgh-icon arrow_carrot-up2\"><\/i><\/span>\n\t\t\t<span class='e-closed'><i aria-hidden=\"true\" class=\"tgh-icon arrow_carrot-down2\"><\/i><\/span>\n\t\t<\/span>\n\n\t\t\t\t\t\t<\/summary>\n\t\t\t\t<div role=\"region\" aria-labelledby=\"e-n-accordion-item-2510\" class=\"elementor-element elementor-element-576824a e-con-full thegem-e-con-layout-thegem e-flex e-con e-child\" data-id=\"576824a\" data-element_type=\"container\" data-e-type=\"container\" data-settings=\"{&quot;thegem_container_layout&quot;:&quot;thegem&quot;}\">\r\n\t\t<div role=\"region\" aria-labelledby=\"e-n-accordion-item-2510\" class=\"elementor-element elementor-element-54e5383 thegem-e-con-layout-thegem e-flex e-con-boxed e-con e-child\" data-id=\"54e5383\" data-element_type=\"container\" data-e-type=\"container\" data-settings=\"{&quot;thegem_container_layout&quot;:&quot;thegem&quot;}\">\r\n\t\t\t\t\t<div class=\"e-con-inner\">\r\n\t\t\t\t<div class=\"elementor-element elementor-element-c3d5de3 flex-horizontal-align-default flex-horizontal-align-tablet-default flex-horizontal-align-mobile-default flex-vertical-align-default flex-vertical-align-tablet-default flex-vertical-align-mobile-default elementor-widget elementor-widget-text-editor\" data-id=\"c3d5de3\" data-element_type=\"widget\" data-e-type=\"widget\" data-widget_type=\"text-editor.default\">\n\t\t\t\t<div class=\"elementor-widget-container\">\n\t\t\t\t\t\t\t\t\t\t\t\t<div class=\"elementor-text-editor elementor-clearfix\">\r\n\t\t\t\t\t\t<p>Panel, exima por fenotipo, genoma \u00bfC\u00f3mo elegir el estudio a solicitar?<\/p>\t\t\t\t\t\t\t<\/div>\r\n\t\t\t\t\t\t\t\t\t\t<\/div>\n\t\t\t\t<\/div>\n\t\t\t\t\t<\/div>\n\t\t\t\t<\/div>\n\t\t\t\t<\/div>\n\t\t\t\t\t<\/details>\n\t\t\t\t\t\t<details id=\"e-n-accordion-item-2511\" class=\"e-n-accordion-item\" >\n\t\t\t\t<summary class=\"e-n-accordion-item-title\" data-accordion-index=\"2\" tabindex=\"-1\" aria-expanded=\"false\" aria-controls=\"e-n-accordion-item-2511\" >\n\t\t\t\t\t<span class='e-n-accordion-item-title-header'><div class=\"e-n-accordion-item-title-text\"> M\u00d3DULO 2. Introducci\u00f3n a la Neurogen\u00e9tica (II) <\/div><\/span>\n\t\t\t\t\t\t\t<span class='e-n-accordion-item-title-icon'>\n\t\t\t<span class='e-opened' ><i aria-hidden=\"true\" class=\"tgh-icon arrow_carrot-up2\"><\/i><\/span>\n\t\t\t<span class='e-closed'><i aria-hidden=\"true\" class=\"tgh-icon arrow_carrot-down2\"><\/i><\/span>\n\t\t<\/span>\n\n\t\t\t\t\t\t<\/summary>\n\t\t\t\t<div role=\"region\" aria-labelledby=\"e-n-accordion-item-2511\" class=\"elementor-element elementor-element-39f6d12 e-con-full thegem-e-con-layout-thegem e-flex e-con e-child\" data-id=\"39f6d12\" data-element_type=\"container\" data-e-type=\"container\" data-settings=\"{&quot;thegem_container_layout&quot;:&quot;thegem&quot;}\">\r\n\t\t\t\t<div class=\"elementor-element elementor-element-213aeed flex-horizontal-align-default flex-horizontal-align-tablet-default flex-horizontal-align-mobile-default flex-vertical-align-default flex-vertical-align-tablet-default flex-vertical-align-mobile-default elementor-widget elementor-widget-text-editor\" data-id=\"213aeed\" data-element_type=\"widget\" data-e-type=\"widget\" data-widget_type=\"text-editor.default\">\n\t\t\t\t<div class=\"elementor-widget-container\">\n\t\t\t\t\t\t\t\t\t\t\t\t<div class=\"elementor-text-editor elementor-clearfix\">\r\n\t\t\t\t\t\t<p>Interpretaci\u00f3n de variantes \u00bfCu\u00e1ndo un estudio gen\u00e9tico tiene valor predictivo?<\/p>\t\t\t\t\t\t\t<\/div>\r\n\t\t\t\t\t\t\t\t\t\t<\/div>\n\t\t\t\t<\/div>\n\t\t\t\t<\/div>\n\t\t\t\t\t<\/details>\n\t\t\t\t\t\t<details id=\"e-n-accordion-item-2512\" class=\"e-n-accordion-item\" >\n\t\t\t\t<summary class=\"e-n-accordion-item-title\" data-accordion-index=\"3\" tabindex=\"-1\" aria-expanded=\"false\" aria-controls=\"e-n-accordion-item-2512\" >\n\t\t\t\t\t<span class='e-n-accordion-item-title-header'><div class=\"e-n-accordion-item-title-text\"> M\u00d3DULO 3. Enfermedades neurol\u00f3gicas hereditarias (I) <\/div><\/span>\n\t\t\t\t\t\t\t<span class='e-n-accordion-item-title-icon'>\n\t\t\t<span class='e-opened' ><i aria-hidden=\"true\" class=\"tgh-icon arrow_carrot-up2\"><\/i><\/span>\n\t\t\t<span class='e-closed'><i aria-hidden=\"true\" class=\"tgh-icon arrow_carrot-down2\"><\/i><\/span>\n\t\t<\/span>\n\n\t\t\t\t\t\t<\/summary>\n\t\t\t\t<div role=\"region\" aria-labelledby=\"e-n-accordion-item-2512\" class=\"elementor-element elementor-element-89d9e42 e-con-full thegem-e-con-layout-thegem e-flex e-con e-child\" data-id=\"89d9e42\" data-element_type=\"container\" data-e-type=\"container\" data-settings=\"{&quot;thegem_container_layout&quot;:&quot;thegem&quot;}\">\r\n\t\t\t\t<div class=\"elementor-element elementor-element-5330d23 flex-horizontal-align-default flex-horizontal-align-tablet-default flex-horizontal-align-mobile-default flex-vertical-align-default flex-vertical-align-tablet-default flex-vertical-align-mobile-default elementor-widget elementor-widget-text-editor\" data-id=\"5330d23\" data-element_type=\"widget\" data-e-type=\"widget\" data-widget_type=\"text-editor.default\">\n\t\t\t\t<div class=\"elementor-widget-container\">\n\t\t\t\t\t\t\t\t\t\t\t\t<div class=\"elementor-text-editor elementor-clearfix\">\r\n\t\t\t\t\t\t<p>Neuropat\u00edas hereditarias: Algoritmo diagn\u00f3stico.<\/p>\t\t\t\t\t\t\t<\/div>\r\n\t\t\t\t\t\t\t\t\t\t<\/div>\n\t\t\t\t<\/div>\n\t\t\t\t<\/div>\n\t\t\t\t\t<\/details>\n\t\t\t\t\t\t<details id=\"e-n-accordion-item-2513\" class=\"e-n-accordion-item\" >\n\t\t\t\t<summary class=\"e-n-accordion-item-title\" data-accordion-index=\"4\" tabindex=\"-1\" aria-expanded=\"false\" aria-controls=\"e-n-accordion-item-2513\" >\n\t\t\t\t\t<span class='e-n-accordion-item-title-header'><div class=\"e-n-accordion-item-title-text\"> M\u00d3DULO 4. Enfermedades neurol\u00f3gicas hereditarias (II) <\/div><\/span>\n\t\t\t\t\t\t\t<span class='e-n-accordion-item-title-icon'>\n\t\t\t<span class='e-opened' ><i aria-hidden=\"true\" class=\"tgh-icon arrow_carrot-up2\"><\/i><\/span>\n\t\t\t<span class='e-closed'><i aria-hidden=\"true\" class=\"tgh-icon arrow_carrot-down2\"><\/i><\/span>\n\t\t<\/span>\n\n\t\t\t\t\t\t<\/summary>\n\t\t\t\t<div role=\"region\" aria-labelledby=\"e-n-accordion-item-2513\" class=\"elementor-element elementor-element-eff751d thegem-e-con-layout-thegem e-flex e-con-boxed e-con e-child\" data-id=\"eff751d\" data-element_type=\"container\" data-e-type=\"container\" data-settings=\"{&quot;thegem_container_layout&quot;:&quot;thegem&quot;}\">\r\n\t\t\t\t\t<div class=\"e-con-inner\">\r\n\t\t\t\t<div class=\"elementor-element elementor-element-19c0ce9 flex-horizontal-align-default flex-horizontal-align-tablet-default flex-horizontal-align-mobile-default flex-vertical-align-default flex-vertical-align-tablet-default flex-vertical-align-mobile-default elementor-widget elementor-widget-text-editor\" data-id=\"19c0ce9\" data-element_type=\"widget\" data-e-type=\"widget\" data-widget_type=\"text-editor.default\">\n\t\t\t\t<div class=\"elementor-widget-container\">\n\t\t\t\t\t\t\t\t\t\t\t\t<div class=\"elementor-text-editor elementor-clearfix\">\r\n\t\t\t\t\t\t<p>Miop\u00edas hereditarias: correlaci\u00f3n genotipo-fenotipo y abordaje diagn\u00f3stico.<\/p>\t\t\t\t\t\t\t<\/div>\r\n\t\t\t\t\t\t\t\t\t\t<\/div>\n\t\t\t\t<\/div>\n\t\t\t\t\t<\/div>\n\t\t\t\t<\/div>\n\t\t\t\t\t<\/details>\n\t\t\t\t\t\t<details id=\"e-n-accordion-item-2514\" class=\"e-n-accordion-item\" >\n\t\t\t\t<summary class=\"e-n-accordion-item-title\" data-accordion-index=\"5\" tabindex=\"-1\" aria-expanded=\"false\" aria-controls=\"e-n-accordion-item-2514\" >\n\t\t\t\t\t<span class='e-n-accordion-item-title-header'><div class=\"e-n-accordion-item-title-text\"> M\u00d3DULO 5. Enfermedades neurol\u00f3gicas hereditarias (III) <\/div><\/span>\n\t\t\t\t\t\t\t<span class='e-n-accordion-item-title-icon'>\n\t\t\t<span class='e-opened' ><i aria-hidden=\"true\" class=\"tgh-icon arrow_carrot-up2\"><\/i><\/span>\n\t\t\t<span class='e-closed'><i aria-hidden=\"true\" class=\"tgh-icon arrow_carrot-down2\"><\/i><\/span>\n\t\t<\/span>\n\n\t\t\t\t\t\t<\/summary>\n\t\t\t\t<div role=\"region\" aria-labelledby=\"e-n-accordion-item-2514\" class=\"elementor-element elementor-element-fd94613 thegem-e-con-layout-thegem e-flex e-con-boxed e-con e-child\" data-id=\"fd94613\" data-element_type=\"container\" data-e-type=\"container\" data-settings=\"{&quot;thegem_container_layout&quot;:&quot;thegem&quot;}\">\r\n\t\t\t\t\t<div class=\"e-con-inner\">\r\n\t\t\t\t<div class=\"elementor-element elementor-element-3cd0366 flex-horizontal-align-default flex-horizontal-align-tablet-default flex-horizontal-align-mobile-default flex-vertical-align-default flex-vertical-align-tablet-default flex-vertical-align-mobile-default elementor-widget elementor-widget-text-editor\" data-id=\"3cd0366\" data-element_type=\"widget\" data-e-type=\"widget\" data-widget_type=\"text-editor.default\">\n\t\t\t\t<div class=\"elementor-widget-container\">\n\t\t\t\t\t\t\t\t\t\t\t\t<div class=\"elementor-text-editor elementor-clearfix\">\r\n\t\t\t\t\t\t<p>Ataxias y paraparesias hereditarias: Algoritmo diagn\u00f3stico.<\/p>\t\t\t\t\t\t\t<\/div>\r\n\t\t\t\t\t\t\t\t\t\t<\/div>\n\t\t\t\t<\/div>\n\t\t\t\t\t<\/div>\n\t\t\t\t<\/div>\n\t\t\t\t\t<\/details>\n\t\t\t\t\t\t<details id=\"e-n-accordion-item-2515\" class=\"e-n-accordion-item\" >\n\t\t\t\t<summary class=\"e-n-accordion-item-title\" data-accordion-index=\"6\" tabindex=\"-1\" aria-expanded=\"false\" aria-controls=\"e-n-accordion-item-2515\" >\n\t\t\t\t\t<span class='e-n-accordion-item-title-header'><div class=\"e-n-accordion-item-title-text\"> M\u00d3DULO 6. Trastornos del movimiento (I) <\/div><\/span>\n\t\t\t\t\t\t\t<span class='e-n-accordion-item-title-icon'>\n\t\t\t<span class='e-opened' ><i aria-hidden=\"true\" class=\"tgh-icon arrow_carrot-up2\"><\/i><\/span>\n\t\t\t<span class='e-closed'><i aria-hidden=\"true\" class=\"tgh-icon arrow_carrot-down2\"><\/i><\/span>\n\t\t<\/span>\n\n\t\t\t\t\t\t<\/summary>\n\t\t\t\t<div role=\"region\" aria-labelledby=\"e-n-accordion-item-2515\" class=\"elementor-element elementor-element-098226f thegem-e-con-layout-thegem e-flex e-con-boxed e-con e-child\" data-id=\"098226f\" data-element_type=\"container\" data-e-type=\"container\" data-settings=\"{&quot;thegem_container_layout&quot;:&quot;thegem&quot;}\">\r\n\t\t\t\t\t<div class=\"e-con-inner\">\r\n\t\t\t\t<div class=\"elementor-element elementor-element-540a494 flex-horizontal-align-default flex-horizontal-align-tablet-default flex-horizontal-align-mobile-default flex-vertical-align-default flex-vertical-align-tablet-default flex-vertical-align-mobile-default elementor-widget elementor-widget-text-editor\" data-id=\"540a494\" data-element_type=\"widget\" data-e-type=\"widget\" data-widget_type=\"text-editor.default\">\n\t\t\t\t<div class=\"elementor-widget-container\">\n\t\t\t\t\t\t\t\t\t\t\t\t<div class=\"elementor-text-editor elementor-clearfix\">\r\n\t\t\t\t\t\t<p>Enfermedad de Parkinson: Aspectos moleculares y diagn\u00f3sticos.<\/p>\t\t\t\t\t\t\t<\/div>\r\n\t\t\t\t\t\t\t\t\t\t<\/div>\n\t\t\t\t<\/div>\n\t\t\t\t\t<\/div>\n\t\t\t\t<\/div>\n\t\t\t\t\t<\/details>\n\t\t\t\t\t\t<details id=\"e-n-accordion-item-2516\" class=\"e-n-accordion-item\" >\n\t\t\t\t<summary class=\"e-n-accordion-item-title\" data-accordion-index=\"7\" tabindex=\"-1\" aria-expanded=\"false\" aria-controls=\"e-n-accordion-item-2516\" >\n\t\t\t\t\t<span class='e-n-accordion-item-title-header'><div class=\"e-n-accordion-item-title-text\"> M\u00d3DULO 7. Trastornos del movimiento (II) <\/div><\/span>\n\t\t\t\t\t\t\t<span class='e-n-accordion-item-title-icon'>\n\t\t\t<span class='e-opened' ><i aria-hidden=\"true\" class=\"tgh-icon arrow_carrot-up2\"><\/i><\/span>\n\t\t\t<span class='e-closed'><i aria-hidden=\"true\" class=\"tgh-icon arrow_carrot-down2\"><\/i><\/span>\n\t\t<\/span>\n\n\t\t\t\t\t\t<\/summary>\n\t\t\t\t<div role=\"region\" aria-labelledby=\"e-n-accordion-item-2516\" class=\"elementor-element elementor-element-dae9058 thegem-e-con-layout-thegem e-flex e-con-boxed e-con e-child\" data-id=\"dae9058\" data-element_type=\"container\" data-e-type=\"container\" data-settings=\"{&quot;thegem_container_layout&quot;:&quot;thegem&quot;}\">\r\n\t\t\t\t\t<div class=\"e-con-inner\">\r\n\t\t\t\t<div class=\"elementor-element elementor-element-743ccc8 flex-horizontal-align-default flex-horizontal-align-tablet-default flex-horizontal-align-mobile-default flex-vertical-align-default flex-vertical-align-tablet-default flex-vertical-align-mobile-default elementor-widget elementor-widget-text-editor\" data-id=\"743ccc8\" data-element_type=\"widget\" data-e-type=\"widget\" data-widget_type=\"text-editor.default\">\n\t\t\t\t<div class=\"elementor-widget-container\">\n\t\t\t\t\t\t\t\t\t\t\t\t<div class=\"elementor-text-editor elementor-clearfix\">\r\n\t\t\t\t\t\t<p>Enfermedad de Huntington y otros trastornos del movimiento: Aspectos moleculares relevantes.<\/p>\t\t\t\t\t\t\t<\/div>\r\n\t\t\t\t\t\t\t\t\t\t<\/div>\n\t\t\t\t<\/div>\n\t\t\t\t\t<\/div>\n\t\t\t\t<\/div>\n\t\t\t\t\t<\/details>\n\t\t\t\t\t\t<details id=\"e-n-accordion-item-2517\" class=\"e-n-accordion-item\" >\n\t\t\t\t<summary class=\"e-n-accordion-item-title\" data-accordion-index=\"8\" tabindex=\"-1\" aria-expanded=\"false\" aria-controls=\"e-n-accordion-item-2517\" >\n\t\t\t\t\t<span class='e-n-accordion-item-title-header'><div class=\"e-n-accordion-item-title-text\"> M\u00d3DULO 8. Epilepsia <\/div><\/span>\n\t\t\t\t\t\t\t<span class='e-n-accordion-item-title-icon'>\n\t\t\t<span class='e-opened' ><i aria-hidden=\"true\" class=\"tgh-icon arrow_carrot-up2\"><\/i><\/span>\n\t\t\t<span class='e-closed'><i aria-hidden=\"true\" class=\"tgh-icon arrow_carrot-down2\"><\/i><\/span>\n\t\t<\/span>\n\n\t\t\t\t\t\t<\/summary>\n\t\t\t\t<div role=\"region\" aria-labelledby=\"e-n-accordion-item-2517\" class=\"elementor-element elementor-element-9b44a15 thegem-e-con-layout-thegem e-flex e-con-boxed e-con e-child\" data-id=\"9b44a15\" data-element_type=\"container\" data-e-type=\"container\" data-settings=\"{&quot;thegem_container_layout&quot;:&quot;thegem&quot;}\">\r\n\t\t\t\t\t<div class=\"e-con-inner\">\r\n\t\t\t\t<div class=\"elementor-element elementor-element-483cd00 flex-horizontal-align-default flex-horizontal-align-tablet-default flex-horizontal-align-mobile-default flex-vertical-align-default flex-vertical-align-tablet-default flex-vertical-align-mobile-default elementor-widget elementor-widget-text-editor\" data-id=\"483cd00\" data-element_type=\"widget\" data-e-type=\"widget\" data-widget_type=\"text-editor.default\">\n\t\t\t\t<div class=\"elementor-widget-container\">\n\t\t\t\t\t\t\t\t\t\t\t\t<div class=\"elementor-text-editor elementor-clearfix\">\r\n\t\t\t\t\t\t<p>Epilepsia: claves para dirigir el estudio gen\u00e9tico.<\/p>\t\t\t\t\t\t\t<\/div>\r\n\t\t\t\t\t\t\t\t\t\t<\/div>\n\t\t\t\t<\/div>\n\t\t\t\t\t<\/div>\n\t\t\t\t<\/div>\n\t\t\t\t\t<\/details>\n\t\t\t\t\t\t<details id=\"e-n-accordion-item-2518\" class=\"e-n-accordion-item\" >\n\t\t\t\t<summary class=\"e-n-accordion-item-title\" data-accordion-index=\"9\" tabindex=\"-1\" aria-expanded=\"false\" aria-controls=\"e-n-accordion-item-2518\" >\n\t\t\t\t\t<span class='e-n-accordion-item-title-header'><div class=\"e-n-accordion-item-title-text\"> M\u00d3DULO 9. Enfermedades Cerebrovasculares <\/div><\/span>\n\t\t\t\t\t\t\t<span class='e-n-accordion-item-title-icon'>\n\t\t\t<span class='e-opened' ><i aria-hidden=\"true\" class=\"tgh-icon arrow_carrot-up2\"><\/i><\/span>\n\t\t\t<span class='e-closed'><i aria-hidden=\"true\" class=\"tgh-icon arrow_carrot-down2\"><\/i><\/span>\n\t\t<\/span>\n\n\t\t\t\t\t\t<\/summary>\n\t\t\t\t<div role=\"region\" aria-labelledby=\"e-n-accordion-item-2518\" class=\"elementor-element elementor-element-32408ce thegem-e-con-layout-thegem e-flex e-con-boxed e-con e-child\" data-id=\"32408ce\" data-element_type=\"container\" data-e-type=\"container\" data-settings=\"{&quot;thegem_container_layout&quot;:&quot;thegem&quot;}\">\r\n\t\t\t\t\t<div class=\"e-con-inner\">\r\n\t\t\t\t<div class=\"elementor-element elementor-element-802d8d6 flex-horizontal-align-default flex-horizontal-align-tablet-default flex-horizontal-align-mobile-default flex-vertical-align-default flex-vertical-align-tablet-default flex-vertical-align-mobile-default elementor-widget elementor-widget-text-editor\" data-id=\"802d8d6\" data-element_type=\"widget\" data-e-type=\"widget\" data-widget_type=\"text-editor.default\">\n\t\t\t\t<div class=\"elementor-widget-container\">\n\t\t\t\t\t\t\t\t\t\t\t\t<div class=\"elementor-text-editor elementor-clearfix\">\r\n\t\t\t\t\t\t<p>Enfermedades Cerebrovasculares \u00bfqu\u00e9 hay de nuevo en gen\u00e9tica?<\/p>\t\t\t\t\t\t\t<\/div>\r\n\t\t\t\t\t\t\t\t\t\t<\/div>\n\t\t\t\t<\/div>\n\t\t\t\t\t<\/div>\n\t\t\t\t<\/div>\n\t\t\t\t\t<\/details>\n\t\t\t\t\t\t<details id=\"e-n-accordion-item-2519\" class=\"e-n-accordion-item\" >\n\t\t\t\t<summary class=\"e-n-accordion-item-title\" data-accordion-index=\"10\" tabindex=\"-1\" aria-expanded=\"false\" aria-controls=\"e-n-accordion-item-2519\" >\n\t\t\t\t\t<span class='e-n-accordion-item-title-header'><div class=\"e-n-accordion-item-title-text\"> M\u00d3DULO 10. Enfermedades neurodegenerativas <\/div><\/span>\n\t\t\t\t\t\t\t<span class='e-n-accordion-item-title-icon'>\n\t\t\t<span class='e-opened' ><i aria-hidden=\"true\" class=\"tgh-icon arrow_carrot-up2\"><\/i><\/span>\n\t\t\t<span class='e-closed'><i aria-hidden=\"true\" class=\"tgh-icon arrow_carrot-down2\"><\/i><\/span>\n\t\t<\/span>\n\n\t\t\t\t\t\t<\/summary>\n\t\t\t\t<div role=\"region\" aria-labelledby=\"e-n-accordion-item-2519\" class=\"elementor-element elementor-element-a62c323 thegem-e-con-layout-thegem e-flex e-con-boxed e-con e-child\" data-id=\"a62c323\" data-element_type=\"container\" data-e-type=\"container\" data-settings=\"{&quot;thegem_container_layout&quot;:&quot;thegem&quot;}\">\r\n\t\t\t\t\t<div class=\"e-con-inner\">\r\n\t\t\t\t<div class=\"elementor-element elementor-element-6d34853 flex-horizontal-align-default flex-horizontal-align-tablet-default flex-horizontal-align-mobile-default flex-vertical-align-default flex-vertical-align-tablet-default flex-vertical-align-mobile-default elementor-widget elementor-widget-text-editor\" data-id=\"6d34853\" data-element_type=\"widget\" data-e-type=\"widget\" data-widget_type=\"text-editor.default\">\n\t\t\t\t<div class=\"elementor-widget-container\">\n\t\t\t\t\t\t\t\t\t\t\t\t<div class=\"elementor-text-editor elementor-clearfix\">\r\n\t\t\t\t\t\t<p>Deterioro cognitivo y Demencia: \u00bfcu\u00e1ndo debo solicitar un estudio gen\u00e9tico?<\/p>\t\t\t\t\t\t\t<\/div>\r\n\t\t\t\t\t\t\t\t\t\t<\/div>\n\t\t\t\t<\/div>\n\t\t\t\t\t<\/div>\n\t\t\t\t<\/div>\n\t\t\t\t\t<\/details>\n\t\t\t\t\t\t<details id=\"e-n-accordion-item-25110\" class=\"e-n-accordion-item\" >\n\t\t\t\t<summary class=\"e-n-accordion-item-title\" data-accordion-index=\"11\" tabindex=\"-1\" aria-expanded=\"false\" aria-controls=\"e-n-accordion-item-25110\" >\n\t\t\t\t\t<span class='e-n-accordion-item-title-header'><div class=\"e-n-accordion-item-title-text\"> M\u00d3DULO 11. Consejo gen\u00e9tico <\/div><\/span>\n\t\t\t\t\t\t\t<span class='e-n-accordion-item-title-icon'>\n\t\t\t<span class='e-opened' ><i aria-hidden=\"true\" class=\"tgh-icon arrow_carrot-up2\"><\/i><\/span>\n\t\t\t<span class='e-closed'><i aria-hidden=\"true\" class=\"tgh-icon arrow_carrot-down2\"><\/i><\/span>\n\t\t<\/span>\n\n\t\t\t\t\t\t<\/summary>\n\t\t\t\t<div role=\"region\" aria-labelledby=\"e-n-accordion-item-25110\" class=\"elementor-element elementor-element-694633e thegem-e-con-layout-thegem e-flex e-con-boxed e-con e-child\" data-id=\"694633e\" data-element_type=\"container\" data-e-type=\"container\" data-settings=\"{&quot;thegem_container_layout&quot;:&quot;thegem&quot;}\">\r\n\t\t\t\t\t<div class=\"e-con-inner\">\r\n\t\t\t\t<div class=\"elementor-element elementor-element-bccc3f3 flex-horizontal-align-default flex-horizontal-align-tablet-default flex-horizontal-align-mobile-default flex-vertical-align-default flex-vertical-align-tablet-default flex-vertical-align-mobile-default elementor-widget elementor-widget-text-editor\" data-id=\"bccc3f3\" data-element_type=\"widget\" data-e-type=\"widget\" data-widget_type=\"text-editor.default\">\n\t\t\t\t<div class=\"elementor-widget-container\">\n\t\t\t\t\t\t\t\t\t\t\t\t<div class=\"elementor-text-editor elementor-clearfix\">\r\n\t\t\t\t\t\t<p>Fundamentos b\u00e1sicos del asesoramiento gen\u00e9tico, utilidad en la consulta.<\/p>\t\t\t\t\t\t\t<\/div>\r\n\t\t\t\t\t\t\t\t\t\t<\/div>\n\t\t\t\t<\/div>\n\t\t\t\t\t<\/div>\n\t\t\t\t<\/div>\n\t\t\t\t\t<\/details>\n\t\t\t\t\t\t<details id=\"e-n-accordion-item-25111\" class=\"e-n-accordion-item\" >\n\t\t\t\t<summary class=\"e-n-accordion-item-title\" data-accordion-index=\"12\" tabindex=\"-1\" aria-expanded=\"false\" aria-controls=\"e-n-accordion-item-25111\" >\n\t\t\t\t\t<span class='e-n-accordion-item-title-header'><div class=\"e-n-accordion-item-title-text\"> M\u00d3DULO 12. Nuevos tratamientos en Neurogen\u00e9tica <\/div><\/span>\n\t\t\t\t\t\t\t<span class='e-n-accordion-item-title-icon'>\n\t\t\t<span class='e-opened' ><i aria-hidden=\"true\" class=\"tgh-icon arrow_carrot-up2\"><\/i><\/span>\n\t\t\t<span class='e-closed'><i aria-hidden=\"true\" class=\"tgh-icon arrow_carrot-down2\"><\/i><\/span>\n\t\t<\/span>\n\n\t\t\t\t\t\t<\/summary>\n\t\t\t\t<div role=\"region\" aria-labelledby=\"e-n-accordion-item-25111\" class=\"elementor-element elementor-element-d394d29 thegem-e-con-layout-thegem e-flex e-con-boxed e-con e-child\" data-id=\"d394d29\" data-element_type=\"container\" data-e-type=\"container\" data-settings=\"{&quot;thegem_container_layout&quot;:&quot;thegem&quot;}\">\r\n\t\t\t\t\t<div class=\"e-con-inner\">\r\n\t\t\t\t<div class=\"elementor-element elementor-element-1c03cf5 flex-horizontal-align-default flex-horizontal-align-tablet-default flex-horizontal-align-mobile-default flex-vertical-align-default flex-vertical-align-tablet-default flex-vertical-align-mobile-default elementor-widget elementor-widget-text-editor\" data-id=\"1c03cf5\" data-element_type=\"widget\" data-e-type=\"widget\" data-widget_type=\"text-editor.default\">\n\t\t\t\t<div class=\"elementor-widget-container\">\n\t\t\t\t\t\t\t\t\t\t\t\t<div class=\"elementor-text-editor elementor-clearfix\">\r\n\t\t\t\t\t\t<p>Perspectiva actual y futura de los nuevos tratamientos en neurogen\u00e9tica.<\/p>\t\t\t\t\t\t\t<\/div>\r\n\t\t\t\t\t\t\t\t\t\t<\/div>\n\t\t\t\t<\/div>\n\t\t\t\t\t<\/div>\n\t\t\t\t<\/div>\n\t\t\t\t\t<\/details>\n\t\t\t\t\t<\/div>\n\t\t\t\t\t\t<\/div>\n\t\t\t\t<\/div>\n\t\t\t\t\t<\/div>\n\t\t\t\t<\/div>\n\t\t\t\t<\/div>\n\t\t","protected":false},"excerpt":{"rendered":"<p>Formaci\u00f3n online especializada en neurogen\u00e9tica aplicada a la pr\u00e1ctica cl\u00ednica, desde m\u00e9todos de diagn\u00f3stico hasta avances en asesoramiento gen\u00e9tico en diversas enfermedades.<\/p>\n","protected":false},"author":2,"featured_media":2822,"comment_status":"closed","ping_status":"closed","sticky":false,"template":"single-fullwidth.php","format":"standard","meta":{"footnotes":""},"categories":[8],"tags":[],"class_list":{"0":"post-2821","1":"post","2":"type-post","3":"status-publish","4":"format-standard","5":"has-post-thumbnail","7":"category-saludcerrado"},"yoast_head":"<!-- This site is optimized with the Yoast SEO plugin v27.4 - https:\/\/yoast.com\/product\/yoast-seo-wordpress\/ -->\n<title>Neurogen\u00e9tica Aplicada a la Cl\u00ednica - Aula Online UMA<\/title>\n<meta name=\"robots\" content=\"index, follow, max-snippet:-1, max-image-preview:large, max-video-preview:-1\" \/>\n<link rel=\"canonical\" href=\"https:\/\/inntech.uma.es\/aulaonline\/neurogenetica-aplicada-a-la-clinica\/\" \/>\n<meta property=\"og:locale\" content=\"es_ES\" \/>\n<meta property=\"og:type\" content=\"article\" \/>\n<meta property=\"og:title\" content=\"Neurogen\u00e9tica Aplicada a la Cl\u00ednica - Aula Online UMA\" \/>\n<meta property=\"og:description\" content=\"Formaci\u00f3n online especializada en neurogen\u00e9tica aplicada a la pr\u00e1ctica cl\u00ednica, desde m\u00e9todos de diagn\u00f3stico hasta avances en asesoramiento gen\u00e9tico en diversas enfermedades.\" \/>\n<meta property=\"og:url\" content=\"https:\/\/inntech.uma.es\/aulaonline\/neurogenetica-aplicada-a-la-clinica\/\" \/>\n<meta property=\"og:site_name\" content=\"Aula Online UMA\" \/>\n<meta property=\"article:publisher\" content=\"http:\/\/www.facebook.com\/universidadmalaga\" \/>\n<meta property=\"article:published_time\" content=\"2025-05-19T20:34:00+00:00\" \/>\n<meta property=\"article:modified_time\" content=\"2025-10-01T12:13:33+00:00\" \/>\n<meta property=\"og:image\" content=\"https:\/\/inntech.uma.es\/aulaonline\/wp-content\/uploads\/2025\/04\/Neurogenetica.png\" \/>\n\t<meta property=\"og:image:width\" content=\"701\" \/>\n\t<meta property=\"og:image:height\" content=\"401\" \/>\n\t<meta property=\"og:image:type\" content=\"image\/png\" \/>\n<meta name=\"author\" content=\"inmaviu\" \/>\n<meta name=\"twitter:card\" content=\"summary_large_image\" \/>\n<meta name=\"twitter:creator\" content=\"@infouma\" \/>\n<meta name=\"twitter:site\" content=\"@infouma\" \/>\n<meta name=\"twitter:label1\" content=\"Escrito por\" \/>\n\t<meta name=\"twitter:data1\" content=\"inmaviu\" \/>\n\t<meta name=\"twitter:label2\" content=\"Tiempo de lectura\" \/>\n\t<meta name=\"twitter:data2\" content=\"3 minutos\" \/>\n<script type=\"application\/ld+json\" class=\"yoast-schema-graph\">{\"@context\":\"https:\\\/\\\/schema.org\",\"@graph\":[{\"@type\":\"Article\",\"@id\":\"https:\\\/\\\/inntech.uma.es\\\/aulaonline\\\/neurogenetica-aplicada-a-la-clinica\\\/#article\",\"isPartOf\":{\"@id\":\"https:\\\/\\\/inntech.uma.es\\\/aulaonline\\\/neurogenetica-aplicada-a-la-clinica\\\/\"},\"author\":{\"name\":\"inmaviu\",\"@id\":\"https:\\\/\\\/inntech.uma.es\\\/aulaonline\\\/#\\\/schema\\\/person\\\/1ad3425e7f02fa8725b2d08d316cf6c7\"},\"headline\":\"Neurogen\u00e9tica Aplicada a la Cl\u00ednica\",\"datePublished\":\"2025-05-19T20:34:00+00:00\",\"dateModified\":\"2025-10-01T12:13:33+00:00\",\"mainEntityOfPage\":{\"@id\":\"https:\\\/\\\/inntech.uma.es\\\/aulaonline\\\/neurogenetica-aplicada-a-la-clinica\\\/\"},\"wordCount\":528,\"publisher\":{\"@id\":\"https:\\\/\\\/inntech.uma.es\\\/aulaonline\\\/#organization\"},\"image\":{\"@id\":\"https:\\\/\\\/inntech.uma.es\\\/aulaonline\\\/neurogenetica-aplicada-a-la-clinica\\\/#primaryimage\"},\"thumbnailUrl\":\"https:\\\/\\\/inntech.uma.es\\\/aulaonline\\\/wp-content\\\/uploads\\\/2025\\\/04\\\/Neurogenetica.png\",\"articleSection\":[\"SaludCerrado\"],\"inLanguage\":\"es\"},{\"@type\":\"WebPage\",\"@id\":\"https:\\\/\\\/inntech.uma.es\\\/aulaonline\\\/neurogenetica-aplicada-a-la-clinica\\\/\",\"url\":\"https:\\\/\\\/inntech.uma.es\\\/aulaonline\\\/neurogenetica-aplicada-a-la-clinica\\\/\",\"name\":\"Neurogen\u00e9tica Aplicada a la Cl\u00ednica - Aula Online UMA\",\"isPartOf\":{\"@id\":\"https:\\\/\\\/inntech.uma.es\\\/aulaonline\\\/#website\"},\"primaryImageOfPage\":{\"@id\":\"https:\\\/\\\/inntech.uma.es\\\/aulaonline\\\/neurogenetica-aplicada-a-la-clinica\\\/#primaryimage\"},\"image\":{\"@id\":\"https:\\\/\\\/inntech.uma.es\\\/aulaonline\\\/neurogenetica-aplicada-a-la-clinica\\\/#primaryimage\"},\"thumbnailUrl\":\"https:\\\/\\\/inntech.uma.es\\\/aulaonline\\\/wp-content\\\/uploads\\\/2025\\\/04\\\/Neurogenetica.png\",\"datePublished\":\"2025-05-19T20:34:00+00:00\",\"dateModified\":\"2025-10-01T12:13:33+00:00\",\"breadcrumb\":{\"@id\":\"https:\\\/\\\/inntech.uma.es\\\/aulaonline\\\/neurogenetica-aplicada-a-la-clinica\\\/#breadcrumb\"},\"inLanguage\":\"es\",\"potentialAction\":[{\"@type\":\"ReadAction\",\"target\":[\"https:\\\/\\\/inntech.uma.es\\\/aulaonline\\\/neurogenetica-aplicada-a-la-clinica\\\/\"]}]},{\"@type\":\"ImageObject\",\"inLanguage\":\"es\",\"@id\":\"https:\\\/\\\/inntech.uma.es\\\/aulaonline\\\/neurogenetica-aplicada-a-la-clinica\\\/#primaryimage\",\"url\":\"https:\\\/\\\/inntech.uma.es\\\/aulaonline\\\/wp-content\\\/uploads\\\/2025\\\/04\\\/Neurogenetica.png\",\"contentUrl\":\"https:\\\/\\\/inntech.uma.es\\\/aulaonline\\\/wp-content\\\/uploads\\\/2025\\\/04\\\/Neurogenetica.png\",\"width\":701,\"height\":401},{\"@type\":\"BreadcrumbList\",\"@id\":\"https:\\\/\\\/inntech.uma.es\\\/aulaonline\\\/neurogenetica-aplicada-a-la-clinica\\\/#breadcrumb\",\"itemListElement\":[{\"@type\":\"ListItem\",\"position\":1,\"name\":\"Portada\",\"item\":\"https:\\\/\\\/inntech.uma.es\\\/aulaonline\\\/\"},{\"@type\":\"ListItem\",\"position\":2,\"name\":\"Neurogen\u00e9tica Aplicada a la Cl\u00ednica\"}]},{\"@type\":\"WebSite\",\"@id\":\"https:\\\/\\\/inntech.uma.es\\\/aulaonline\\\/#website\",\"url\":\"https:\\\/\\\/inntech.uma.es\\\/aulaonline\\\/\",\"name\":\"UMA Aula Online\",\"description\":\"\",\"publisher\":{\"@id\":\"https:\\\/\\\/inntech.uma.es\\\/aulaonline\\\/#organization\"},\"potentialAction\":[{\"@type\":\"SearchAction\",\"target\":{\"@type\":\"EntryPoint\",\"urlTemplate\":\"https:\\\/\\\/inntech.uma.es\\\/aulaonline\\\/?s={search_term_string}\"},\"query-input\":{\"@type\":\"PropertyValueSpecification\",\"valueRequired\":true,\"valueName\":\"search_term_string\"}}],\"inLanguage\":\"es\"},{\"@type\":\"Organization\",\"@id\":\"https:\\\/\\\/inntech.uma.es\\\/aulaonline\\\/#organization\",\"name\":\"Universidad de M\u00e1laga\",\"url\":\"https:\\\/\\\/inntech.uma.es\\\/aulaonline\\\/\",\"logo\":{\"@type\":\"ImageObject\",\"inLanguage\":\"es\",\"@id\":\"https:\\\/\\\/inntech.uma.es\\\/aulaonline\\\/#\\\/schema\\\/logo\\\/image\\\/\",\"url\":\"https:\\\/\\\/aulaonline.uma.es\\\/wp-content\\\/uploads\\\/2025\\\/04\\\/LogoUMA_AulaOnline-1.png\",\"contentUrl\":\"https:\\\/\\\/aulaonline.uma.es\\\/wp-content\\\/uploads\\\/2025\\\/04\\\/LogoUMA_AulaOnline-1.png\",\"width\":1000,\"height\":250,\"caption\":\"Universidad de M\u00e1laga\"},\"image\":{\"@id\":\"https:\\\/\\\/inntech.uma.es\\\/aulaonline\\\/#\\\/schema\\\/logo\\\/image\\\/\"},\"sameAs\":[\"http:\\\/\\\/www.facebook.com\\\/universidadmalaga\",\"https:\\\/\\\/x.com\\\/infouma\"]},{\"@type\":\"Person\",\"@id\":\"https:\\\/\\\/inntech.uma.es\\\/aulaonline\\\/#\\\/schema\\\/person\\\/1ad3425e7f02fa8725b2d08d316cf6c7\",\"name\":\"inmaviu\",\"image\":{\"@type\":\"ImageObject\",\"inLanguage\":\"es\",\"@id\":\"https:\\\/\\\/secure.gravatar.com\\\/avatar\\\/a2abe151b637dfa5a418a7d4a5132dce89a409a7f6ab2c6e0d46df68dfe50ec8?s=96&d=mm&r=g\",\"url\":\"https:\\\/\\\/secure.gravatar.com\\\/avatar\\\/a2abe151b637dfa5a418a7d4a5132dce89a409a7f6ab2c6e0d46df68dfe50ec8?s=96&d=mm&r=g\",\"contentUrl\":\"https:\\\/\\\/secure.gravatar.com\\\/avatar\\\/a2abe151b637dfa5a418a7d4a5132dce89a409a7f6ab2c6e0d46df68dfe50ec8?s=96&d=mm&r=g\",\"caption\":\"inmaviu\"},\"url\":\"https:\\\/\\\/inntech.uma.es\\\/aulaonline\\\/author\\\/inmaviu\\\/\"}]}<\/script>\n<!-- \/ Yoast SEO plugin. -->","yoast_head_json":{"title":"Neurogen\u00e9tica Aplicada a la Cl\u00ednica - Aula Online UMA","robots":{"index":"index","follow":"follow","max-snippet":"max-snippet:-1","max-image-preview":"max-image-preview:large","max-video-preview":"max-video-preview:-1"},"canonical":"https:\/\/inntech.uma.es\/aulaonline\/neurogenetica-aplicada-a-la-clinica\/","og_locale":"es_ES","og_type":"article","og_title":"Neurogen\u00e9tica Aplicada a la Cl\u00ednica - Aula Online UMA","og_description":"Formaci\u00f3n online especializada en neurogen\u00e9tica aplicada a la pr\u00e1ctica cl\u00ednica, desde m\u00e9todos de diagn\u00f3stico hasta avances en asesoramiento gen\u00e9tico en diversas enfermedades.","og_url":"https:\/\/inntech.uma.es\/aulaonline\/neurogenetica-aplicada-a-la-clinica\/","og_site_name":"Aula Online UMA","article_publisher":"http:\/\/www.facebook.com\/universidadmalaga","article_published_time":"2025-05-19T20:34:00+00:00","article_modified_time":"2025-10-01T12:13:33+00:00","og_image":[{"width":701,"height":401,"url":"https:\/\/inntech.uma.es\/aulaonline\/wp-content\/uploads\/2025\/04\/Neurogenetica.png","type":"image\/png"}],"author":"inmaviu","twitter_card":"summary_large_image","twitter_creator":"@infouma","twitter_site":"@infouma","twitter_misc":{"Escrito por":"inmaviu","Tiempo de lectura":"3 minutos"},"schema":{"@context":"https:\/\/schema.org","@graph":[{"@type":"Article","@id":"https:\/\/inntech.uma.es\/aulaonline\/neurogenetica-aplicada-a-la-clinica\/#article","isPartOf":{"@id":"https:\/\/inntech.uma.es\/aulaonline\/neurogenetica-aplicada-a-la-clinica\/"},"author":{"name":"inmaviu","@id":"https:\/\/inntech.uma.es\/aulaonline\/#\/schema\/person\/1ad3425e7f02fa8725b2d08d316cf6c7"},"headline":"Neurogen\u00e9tica Aplicada a la Cl\u00ednica","datePublished":"2025-05-19T20:34:00+00:00","dateModified":"2025-10-01T12:13:33+00:00","mainEntityOfPage":{"@id":"https:\/\/inntech.uma.es\/aulaonline\/neurogenetica-aplicada-a-la-clinica\/"},"wordCount":528,"publisher":{"@id":"https:\/\/inntech.uma.es\/aulaonline\/#organization"},"image":{"@id":"https:\/\/inntech.uma.es\/aulaonline\/neurogenetica-aplicada-a-la-clinica\/#primaryimage"},"thumbnailUrl":"https:\/\/inntech.uma.es\/aulaonline\/wp-content\/uploads\/2025\/04\/Neurogenetica.png","articleSection":["SaludCerrado"],"inLanguage":"es"},{"@type":"WebPage","@id":"https:\/\/inntech.uma.es\/aulaonline\/neurogenetica-aplicada-a-la-clinica\/","url":"https:\/\/inntech.uma.es\/aulaonline\/neurogenetica-aplicada-a-la-clinica\/","name":"Neurogen\u00e9tica Aplicada a la Cl\u00ednica - Aula Online UMA","isPartOf":{"@id":"https:\/\/inntech.uma.es\/aulaonline\/#website"},"primaryImageOfPage":{"@id":"https:\/\/inntech.uma.es\/aulaonline\/neurogenetica-aplicada-a-la-clinica\/#primaryimage"},"image":{"@id":"https:\/\/inntech.uma.es\/aulaonline\/neurogenetica-aplicada-a-la-clinica\/#primaryimage"},"thumbnailUrl":"https:\/\/inntech.uma.es\/aulaonline\/wp-content\/uploads\/2025\/04\/Neurogenetica.png","datePublished":"2025-05-19T20:34:00+00:00","dateModified":"2025-10-01T12:13:33+00:00","breadcrumb":{"@id":"https:\/\/inntech.uma.es\/aulaonline\/neurogenetica-aplicada-a-la-clinica\/#breadcrumb"},"inLanguage":"es","potentialAction":[{"@type":"ReadAction","target":["https:\/\/inntech.uma.es\/aulaonline\/neurogenetica-aplicada-a-la-clinica\/"]}]},{"@type":"ImageObject","inLanguage":"es","@id":"https:\/\/inntech.uma.es\/aulaonline\/neurogenetica-aplicada-a-la-clinica\/#primaryimage","url":"https:\/\/inntech.uma.es\/aulaonline\/wp-content\/uploads\/2025\/04\/Neurogenetica.png","contentUrl":"https:\/\/inntech.uma.es\/aulaonline\/wp-content\/uploads\/2025\/04\/Neurogenetica.png","width":701,"height":401},{"@type":"BreadcrumbList","@id":"https:\/\/inntech.uma.es\/aulaonline\/neurogenetica-aplicada-a-la-clinica\/#breadcrumb","itemListElement":[{"@type":"ListItem","position":1,"name":"Portada","item":"https:\/\/inntech.uma.es\/aulaonline\/"},{"@type":"ListItem","position":2,"name":"Neurogen\u00e9tica Aplicada a la Cl\u00ednica"}]},{"@type":"WebSite","@id":"https:\/\/inntech.uma.es\/aulaonline\/#website","url":"https:\/\/inntech.uma.es\/aulaonline\/","name":"UMA Aula Online","description":"","publisher":{"@id":"https:\/\/inntech.uma.es\/aulaonline\/#organization"},"potentialAction":[{"@type":"SearchAction","target":{"@type":"EntryPoint","urlTemplate":"https:\/\/inntech.uma.es\/aulaonline\/?s={search_term_string}"},"query-input":{"@type":"PropertyValueSpecification","valueRequired":true,"valueName":"search_term_string"}}],"inLanguage":"es"},{"@type":"Organization","@id":"https:\/\/inntech.uma.es\/aulaonline\/#organization","name":"Universidad de M\u00e1laga","url":"https:\/\/inntech.uma.es\/aulaonline\/","logo":{"@type":"ImageObject","inLanguage":"es","@id":"https:\/\/inntech.uma.es\/aulaonline\/#\/schema\/logo\/image\/","url":"https:\/\/aulaonline.uma.es\/wp-content\/uploads\/2025\/04\/LogoUMA_AulaOnline-1.png","contentUrl":"https:\/\/aulaonline.uma.es\/wp-content\/uploads\/2025\/04\/LogoUMA_AulaOnline-1.png","width":1000,"height":250,"caption":"Universidad de M\u00e1laga"},"image":{"@id":"https:\/\/inntech.uma.es\/aulaonline\/#\/schema\/logo\/image\/"},"sameAs":["http:\/\/www.facebook.com\/universidadmalaga","https:\/\/x.com\/infouma"]},{"@type":"Person","@id":"https:\/\/inntech.uma.es\/aulaonline\/#\/schema\/person\/1ad3425e7f02fa8725b2d08d316cf6c7","name":"inmaviu","image":{"@type":"ImageObject","inLanguage":"es","@id":"https:\/\/secure.gravatar.com\/avatar\/a2abe151b637dfa5a418a7d4a5132dce89a409a7f6ab2c6e0d46df68dfe50ec8?s=96&d=mm&r=g","url":"https:\/\/secure.gravatar.com\/avatar\/a2abe151b637dfa5a418a7d4a5132dce89a409a7f6ab2c6e0d46df68dfe50ec8?s=96&d=mm&r=g","contentUrl":"https:\/\/secure.gravatar.com\/avatar\/a2abe151b637dfa5a418a7d4a5132dce89a409a7f6ab2c6e0d46df68dfe50ec8?s=96&d=mm&r=g","caption":"inmaviu"},"url":"https:\/\/inntech.uma.es\/aulaonline\/author\/inmaviu\/"}]}},"menu_order":0,"_links":{"self":[{"href":"https:\/\/inntech.uma.es\/aulaonline\/wp-json\/wp\/v2\/posts\/2821","targetHints":{"allow":["GET"]}}],"collection":[{"href":"https:\/\/inntech.uma.es\/aulaonline\/wp-json\/wp\/v2\/posts"}],"about":[{"href":"https:\/\/inntech.uma.es\/aulaonline\/wp-json\/wp\/v2\/types\/post"}],"author":[{"embeddable":true,"href":"https:\/\/inntech.uma.es\/aulaonline\/wp-json\/wp\/v2\/users\/2"}],"replies":[{"embeddable":true,"href":"https:\/\/inntech.uma.es\/aulaonline\/wp-json\/wp\/v2\/comments?post=2821"}],"version-history":[{"count":8,"href":"https:\/\/inntech.uma.es\/aulaonline\/wp-json\/wp\/v2\/posts\/2821\/revisions"}],"predecessor-version":[{"id":3028,"href":"https:\/\/inntech.uma.es\/aulaonline\/wp-json\/wp\/v2\/posts\/2821\/revisions\/3028"}],"wp:featuredmedia":[{"embeddable":true,"href":"https:\/\/inntech.uma.es\/aulaonline\/wp-json\/wp\/v2\/media\/2822"}],"wp:attachment":[{"href":"https:\/\/inntech.uma.es\/aulaonline\/wp-json\/wp\/v2\/media?parent=2821"}],"wp:term":[{"taxonomy":"category","embeddable":true,"href":"https:\/\/inntech.uma.es\/aulaonline\/wp-json\/wp\/v2\/categories?post=2821"},{"taxonomy":"post_tag","embeddable":true,"href":"https:\/\/inntech.uma.es\/aulaonline\/wp-json\/wp\/v2\/tags?post=2821"}],"curies":[{"name":"wp","href":"https:\/\/api.w.org\/{rel}","templated":true}]}}